{"id":13203,"date":"2013-02-07T11:43:15","date_gmt":"2013-02-07T11:43:15","guid":{"rendered":"http:\/\/www.fachzeitungen.de\/fachbeitraege\/?p=13203"},"modified":"2013-02-07T16:36:11","modified_gmt":"2013-02-07T15:36:11","slug":"umbenennung-und-strategische-neuausrichtung-oldenbourg-industrieverlag-wird-zu-div-deutscher-industrieverlag","status":"publish","type":"post","link":"https:\/\/www.fachzeitungen.de\/fachbeitraege\/umbenennung-und-strategische-neuausrichtung-oldenbourg-industrieverlag-wird-zu-div-deutscher-industrieverlag-1013203\/","title":{"rendered":"Umbenennung und strategische Neuausrichtung: Oldenbourg Industrieverlag wird zu DIV Deutscher Industrieverlag"},"content":{"rendered":"<div> <p><img loading=\"lazy\" decoding=\"async\" class=\"alignleft size-full wp-image-13353\" title=\"Informationsvermittler f\u00fcr Ingenieure\" alt=\"\" src=\"https:\/\/www.fachzeitungen.de\/fachbeitraege\/wp-content\/uploads\/2013\/02\/Screenshot_12.jpg\" width=\"109\" height=\"86\" \/>Umbenennung und strategische Neuausrichtung: Oldenbourg Industrieverlag wird zu DIV Deutscher Industrieverlag<\/p> <p>F\u00fcr den Oldenbourg Industrieverlag beginnt eine neue \u00c4ra: Ab sofort hei\u00dft das Unternehmen DIV Deutscher Industrieverlag. Mit diesem Schritt stellt der Verlag die Weichen f\u00fcr die Zukunft und unterstreicht seine umfassende Neuausrichtung zu einem integrierten Medienhaus.<\/p> <p>Als Premium-Anbieter f\u00fcr praxisbezogene Fachinformationen schreibt der DIV Deutscher Industrieverlag (http:\/\/www.di-verlag.de) die mehr als 150-j\u00e4hrige Tradition des Oldenbourg Industrieverlags fort. <!--more-->Die Umbenennung ist Teil einer strategischen Neuausrichtung innerhalb der ACM-Unternehmensgruppe, der der Verlag seit Anfang 2011 angeh\u00f6rt. &#8222;Wir wandeln uns zu einem integrierten und serviceorientierten Medienhaus, das neben der Zeitschriften- und Buchproduktion k\u00fcnftig immer st\u00e4rker das Fachwissen seiner Ingenieurs-Zielgruppen auch digital f\u00fcr alle Online-Kan\u00e4le aufbereitet und so gesteigerten Nutzen bietet&#8220;, beschreibt Gesch\u00e4ftsf\u00fchrer J\u00fcrgen Franke die Neupositionierung.<\/p> <p>Informationsvermittler f\u00fcr Ingenieure<\/p> <p>Gemeinsam mit seiner Tochtergesellschaft, dem Vulkan-Verlag in Essen, b\u00fcndelt der DIV Deutsche Industrieverlag unter seinem Dach die Aktivit\u00e4ten von insgesamt 17 Fachmedien. Ziel ist es, das Angebot der Fachmedien in den n\u00e4chsten Jahren kontinuierlich auszubauen und sie zu ganzheitlichen Informations-Dienstleistern sowie wissensgetriebenen Service-Portalen f\u00fcr ihre jeweiligen Ingenieurs- und Techniker-Zielgruppen weiterzuentwickeln. Neben dem klassischen Verlagsgesch\u00e4ft gewinnen dabei k\u00fcnftig mediennahe Angebote wie Veranstaltungen, Kongresse und Corporate Services zunehmend an Bedeutung. Im Zentrum aller Aktivit\u00e4ten steht auch weiterhin die fachliche Kompetenz des Verlags und seiner Redaktionen. Auch in Zukunft werden Ingenieure die wichtigste Zielgruppe des Deutschen Industrieverlags sein. Damit schreibt der Verlag seine Tradition fort und bleibt den Prinzipien des Oldenbourg Industrieverlags treu, seinen Zielgruppen bestm\u00f6gliches praxisnahes Wissen f\u00fcr die Zukunft zu bieten.<\/p> <p>DIV Deutscher Industrieverlag im Profil<br \/> Der DIV Deutsche Industrieverlag und seine Tochtergesellschaft Vulkan-Verlag adressieren mit ihren Fachmedien, Buchprogrammen und Veranstaltungen hoch spezialisierte Ingenieurs- und Techniker-Zielgruppen. Die Verlage publizieren Fachmedien mit hoher Relevanz f\u00fcr die berufliche Praxis im produzierenden Gewerbe, der Ver- und Entsorgungswirtschaft sowie f\u00fcrindustrienahe und technische Dienstleister und sorgen f\u00fcr qualit\u00e4tsgesicherten Wissenstransfer zwischen Forschung und Wirtschaft.<\/p> <p>Kontakt:<br \/> DIV Deutscher Industrieverlag<br \/> Maria Kuwilsky<br \/> Arnulfstra\u00dfe 124<br \/> 80636 M\u00fcnchen<br \/> 089 203 53 66-44<br \/> presse@di-verlag.de<br \/> <a target=\"_blank\" rel=\"nofollow\" href=\"http:\/\/www.di-verlag.de\" title=\"DIV Deutscher Industrieverlag GmbH\" >http:\/\/www.di-verlag.de<\/a><\/p> <p>&nbsp;<\/p> <\/div>","protected":false},"excerpt":{"rendered":"<p>Umbenennung und strategische Neuausrichtung: Oldenbourg Industrieverlag wird zu DIV Deutscher Industrieverlag F\u00fcr den Oldenbourg Industrieverlag beginnt eine neue \u00c4ra: Ab sofort hei\u00dft das Unternehmen DIV Deutscher Industrieverlag. Mit diesem Schritt stellt der Verlag die Weichen f\u00fcr die Zukunft und unterstreicht seine umfassende Neuausrichtung zu einem integrierten Medienhaus. Als Premium-Anbieter f\u00fcr praxisbezogene Fachinformationen schreibt der DIV<\/p>\n","protected":false},"author":1,"featured_media":13353,"comment_status":"closed","ping_status":"closed","sticky":false,"template":"","format":"standard","meta":{"footnotes":""},"categories":[1],"tags":[134],"class_list":["post-13203","post","type-post","status-publish","format-standard","has-post-thumbnail","hentry","category-allgemein","tag-default"],"amp_enabled":true,"_links":{"self":[{"href":"https:\/\/www.fachzeitungen.de\/fachbeitraege\/wp-json\/wp\/v2\/posts\/13203","targetHints":{"allow":["GET"]}}],"collection":[{"href":"https:\/\/www.fachzeitungen.de\/fachbeitraege\/wp-json\/wp\/v2\/posts"}],"about":[{"href":"https:\/\/www.fachzeitungen.de\/fachbeitraege\/wp-json\/wp\/v2\/types\/post"}],"author":[{"embeddable":true,"href":"https:\/\/www.fachzeitungen.de\/fachbeitraege\/wp-json\/wp\/v2\/users\/1"}],"replies":[{"embeddable":true,"href":"https:\/\/www.fachzeitungen.de\/fachbeitraege\/wp-json\/wp\/v2\/comments?post=13203"}],"version-history":[{"count":0,"href":"https:\/\/www.fachzeitungen.de\/fachbeitraege\/wp-json\/wp\/v2\/posts\/13203\/revisions"}],"wp:featuredmedia":[{"embeddable":true,"href":"https:\/\/www.fachzeitungen.de\/fachbeitraege\/wp-json\/"}],"wp:attachment":[{"href":"https:\/\/www.fachzeitungen.de\/fachbeitraege\/wp-json\/wp\/v2\/media?parent=13203"}],"wp:term":[{"taxonomy":"category","embeddable":true,"href":"https:\/\/www.fachzeitungen.de\/fachbeitraege\/wp-json\/wp\/v2\/categories?post=13203"},{"taxonomy":"post_tag","embeddable":true,"href":"https:\/\/www.fachzeitungen.de\/fachbeitraege\/wp-json\/wp\/v2\/tags?post=13203"}],"curies":[{"name":"wp","href":"https:\/\/api.w.org\/{rel}","templated":true}]}}