{"id":181534,"date":"2015-12-17T10:59:16","date_gmt":"2015-12-17T10:59:16","guid":{"rendered":"http:\/\/www.fachzeitungen.de\/fachbeitraege\/?p=181534"},"modified":"2015-12-18T12:01:16","modified_gmt":"2015-12-18T11:01:16","slug":"neue-impulse-fuer-marketingmanagement-2016","status":"publish","type":"post","link":"https:\/\/www.fachzeitungen.de\/fachbeitraege\/neue-impulse-fuer-marketingmanagement-2016-10181534\/","title":{"rendered":"Neue Impulse f\u00fcr Marketingmanagement 2016"},"content":{"rendered":"<p><img loading=\"lazy\" decoding=\"async\" class=\"attachment alighnleft alignleft\" title=\"K\u00f6lner Marketingtag - Input f\u00fcr Ihre Investition\" src=\"https:\/\/www.fachzeitungen.de\/fachbeitraege\/wp-content\/uploads\/2015\/12\/277452-150x150.jpg\" alt=\"Bild\" width=\"150\" height=\"150\" \/>Save the Date: Der K\u00f6lner Marketingtag am 14.06.2016!<\/p> <div>Der Marketingkongress &#8211; ein Pflichttermin f\u00fcr alle Marketeers &#8211; findet erneut in K\u00f6ln statt.<br \/> Die Umstrukturierung des &#8222;K\u00f6lner Marketingtags&#8220; in 2015 war ein voller Erfolg. Allem voran fand das neue Konzept des Kongresses durch seine variable Themenwahl gro\u00dfen Anklang. Durch die interaktive Gestaltung der Vortr\u00e4ge hatten die TeilnehmerInnen nicht nur die M\u00f6glichkeit, sich \u00fcber aktuelle Trends und Themen der Marketingbranche zu informieren, sondern aktiv am Diskurs teilzunehmen.<br \/> <!--more--><\/p> <p>Auch im kommenden Jahr 2016 werden 11 Fachexperten den BesucherInnen neue Impulse und wertvollen Input f\u00fcr ein erfolgreiches Marketingmanagement bieten. Wie 2015 erfolgreich erprobt, finden die Diskussionsrunden in drei parallel verlaufenden, thematisch unterschiedlichen Slots statt. So haben die TeilnehmerInnen die M\u00f6glichkeit, sich den K\u00f6lner Marketingtag nach individuellem Interessenschwerpunkt zu gestalten.<br \/> In der modernen und beeindruckenden Atmosph\u00e4re des KOMED im Mediapark K\u00f6ln k\u00f6nnen die teilnehmenden Marketeers sich auf professionellem Niveau \u00fcber die Branche austauschen, neue Kontakte kn\u00fcpfen und innovative Ideen gewinnen.<br \/> F\u00fcr Kurzentschlossene gibt es bis zum 14.02.2016 Early Bird Tickets zum Vorzugpreis von 150EUR zzgl. MwSt. pro Person.<br \/> Mehr \u00fcber den &#8222;K\u00f6lner Marketingtag&#8220; des Deutschen Instituts f\u00fcr Marketing finden Sie Online unter:<br \/> www.koelner-marketingtag.de (<a target=\"_blank\" rel=\"nofollow\" href=\"http:\/\/www.koelner-marketingtag.de\/\"  >http:\/\/www.koelner-marketingtag.de\/<\/a>)<\/p> <p>Das Deutsche Institut f\u00fcr Marketing ist ein auf Marketing spezialisiertes Dienstleistungsunternehmen mit den Kompetenzfeldern Marktforschung, Marketingberatung und Marketingtrainings. Im Zentrum der Arbeit stehen praxis- und prozessorientierte L\u00f6sungen im Marketingumfeld der Kunden. Dabei verkn\u00fcpft das Institut fundierte Forschung mit innovativer Unternehmenspraxis. Das DIM wurde mit dem Internationalen Deutschen Trainings-Preis 2009 in Silber und dem Premium Standard des ITCR ausgezeichnet.<\/p> <p>Firmenkontakt<br \/> DIM Deutsches Insitut f\u00fcr Marketing GmbH<br \/> Michael Prof. Dr. Bernecker<br \/> Hohenstaufenring 43-45<br \/> 50674 K\u00f6ln<br \/> (0) 221 99 555 100<br \/> presse@marketinginstitut.biz<br \/> http:\/\/www.marketinginstitut.biz<\/p> <p>Pressekontakt<br \/> DIM Deutsches Insitut f\u00fcr Marketing GmbH<br \/> Simone Heinen<br \/> Hohenstaufenring 43-45<br \/> 50674 K\u00f6ln<br \/> (0) 221 99 555 10-00<br \/> heinen@marketinginstitut.de<br \/> http:\/\/www.marketinginstitut.biz<\/p> <\/div> <p>&nbsp;<\/p>","protected":false},"excerpt":{"rendered":"<p>Save the Date: Der K\u00f6lner Marketingtag am 14.06.2016! Der Marketingkongress &#8211; ein Pflichttermin f\u00fcr alle Marketeers &#8211; findet erneut in K\u00f6ln statt. Die Umstrukturierung des &#8222;K\u00f6lner Marketingtags&#8220; in 2015 war ein voller Erfolg. Allem voran fand das neue Konzept des Kongresses durch seine variable Themenwahl gro\u00dfen Anklang. Durch die interaktive Gestaltung der Vortr\u00e4ge hatten die<\/p>\n","protected":false},"author":2,"featured_media":181740,"comment_status":"closed","ping_status":"closed","sticky":false,"template":"","format":"standard","meta":{"footnotes":""},"categories":[114],"tags":[134],"class_list":["post-181534","post","type-post","status-publish","format-standard","has-post-thumbnail","hentry","category-marketing-public-relations","tag-default"],"amp_enabled":true,"_links":{"self":[{"href":"https:\/\/www.fachzeitungen.de\/fachbeitraege\/wp-json\/wp\/v2\/posts\/181534","targetHints":{"allow":["GET"]}}],"collection":[{"href":"https:\/\/www.fachzeitungen.de\/fachbeitraege\/wp-json\/wp\/v2\/posts"}],"about":[{"href":"https:\/\/www.fachzeitungen.de\/fachbeitraege\/wp-json\/wp\/v2\/types\/post"}],"author":[{"embeddable":true,"href":"https:\/\/www.fachzeitungen.de\/fachbeitraege\/wp-json\/wp\/v2\/users\/2"}],"replies":[{"embeddable":true,"href":"https:\/\/www.fachzeitungen.de\/fachbeitraege\/wp-json\/wp\/v2\/comments?post=181534"}],"version-history":[{"count":2,"href":"https:\/\/www.fachzeitungen.de\/fachbeitraege\/wp-json\/wp\/v2\/posts\/181534\/revisions"}],"predecessor-version":[{"id":181741,"href":"https:\/\/www.fachzeitungen.de\/fachbeitraege\/wp-json\/wp\/v2\/posts\/181534\/revisions\/181741"}],"wp:featuredmedia":[{"embeddable":true,"href":"https:\/\/www.fachzeitungen.de\/fachbeitraege\/wp-json\/wp\/v2\/media\/181740"}],"wp:attachment":[{"href":"https:\/\/www.fachzeitungen.de\/fachbeitraege\/wp-json\/wp\/v2\/media?parent=181534"}],"wp:term":[{"taxonomy":"category","embeddable":true,"href":"https:\/\/www.fachzeitungen.de\/fachbeitraege\/wp-json\/wp\/v2\/categories?post=181534"},{"taxonomy":"post_tag","embeddable":true,"href":"https:\/\/www.fachzeitungen.de\/fachbeitraege\/wp-json\/wp\/v2\/tags?post=181534"}],"curies":[{"name":"wp","href":"https:\/\/api.w.org\/{rel}","templated":true}]}}