{"id":181724,"date":"2015-12-18T10:28:55","date_gmt":"2015-12-18T10:28:55","guid":{"rendered":"http:\/\/www.fachzeitungen.de\/fachbeitraege\/?p=181724"},"modified":"2016-11-11T14:59:27","modified_gmt":"2016-11-11T13:59:27","slug":"neues-filmfestival-im-franzoesischen-deauville","status":"publish","type":"post","link":"https:\/\/www.fachzeitungen.de\/fachbeitraege\/neues-filmfestival-im-franzoesischen-deauville-10181724\/","title":{"rendered":"Neues Filmfestival im franz\u00f6sischen Deauville"},"content":{"rendered":"<p><img loading=\"lazy\" decoding=\"async\" class=\"attachment alighnleft alignleft\" title=\"Die Made In Corporate Innovation Awards 2016 sind jetzt er\u00f6ffnet\" src=\"https:\/\/www.fachzeitungen.de\/fachbeitraege\/wp-content\/uploads\/2015\/12\/277552-150x143.jpg\" alt=\"Logo\" width=\"150\" height=\"143\" \/>Filmfestival MADE IN CORPORATE w\u00fcrdigt unternehmerische Innovationen<\/p> <div>Wettbewerb mit offizieller Unterst\u00fctzung der Kommission &#8218;Innovation 2030&#8216; ab sofort er\u00f6ffnet<br \/> Am 12. und 13. April 2016 wird im franz\u00f6sischen Deauville zum ersten Mal das Filmfestival Made in Corporate (http:\/\/www.madeincorporate.com\/?lang=de) stattfinden, das sich als internationaler Treffpunkt rund um das Thema unternehmerische Innovation versteht.<!--more-->Der Made in Corporate Award richtet sich an Gestalter von audiovisuellen Inhalten und Medien zu diesem Thema und ist damit offen f\u00fcr Agenturen, Produzenten und Regisseure sowie deren Auftraggeber (Unternehmen, Institutionen, Beh\u00f6rden). Bewerbungen f\u00fcr den Made in Corporate Award werden ab sofort angenommen, Registrierungen bis zum 31. Dezember profitieren von einem Early Bird Angebot.<\/p> <p>Fokus auf Europa und die Partnerschaft zwischen Frankreich und Deutschland<br \/> Die Synergien zwischen einzelnen EU-Mitgliedsstaaten bilden die Grundlage f\u00fcr viele bedeutende Innovationen, die es Europa erm\u00f6glichen im globalen Wettbewerb zu bestehen. Die Organisatoren des Festivals m\u00f6chten mit dedizierten Programminhalten insbesondere auch die Bedeutung der Partnerschaft zwischen Deutschland und Frankeich hervorheben, welche die Grundlage f\u00fcr viele ambitionierte Innovationsprojekte der j\u00fcngsten Vergangenheit darstellt.<\/p> <p>Unterst\u00fctzung durch die Kommission &#8218;Innovation 2030&#8216;<br \/> Zu den offiziellen F\u00f6rderern von Made in Corporate geh\u00f6rt die von der franz\u00f6sischen Regierung eingesetzte Kommission Innovation 2030 (http:\/\/www.entreprises.gouv.fr\/innovation-2030). Deren Vorsitzende Anne Lauvergeon unterstreicht die Bedeutung des Festivals folgenderma\u00dfen: &#8222;Die Kommission Innovation 2030 hat sich entschieden, das Filmfestival Made in Corporate zu unterst\u00fctzen. Die Zielsetzung des Festivals, unternehmerische Innovationen auf der ganzen Welt zu f\u00f6rdern, stimmt in vieler Hinsicht mit dem Anliegen der Kommission Innovation 2030 \u00fcberein. Innovationen spielen eine Schl\u00fcsselrolle bei der erfolgreichen Bew\u00e4ltigung der gro\u00dfen Herausforderungen, mit denen wir heute konfrontiert sind. Das MIC Festival wird unternehmerische Bem\u00fchungen um Innovation aus allen Teilen der Welt zusammenbringen. Anhand ausgew\u00e4hlter Filme werden die zugrundeliegenden Prozesse veranschaulicht und der kommunikative Austausch zwischen Unternehmen und Institutionen gef\u00f6rdert. Aus diesen Gr\u00fcnden ist das Filmfestival f\u00fcr uns ein vielversprechender Beitrag, die innovativen Herausforderungen der Zukunft gemeinsam erfolgreich zu bew\u00e4ltigen.&#8220;<\/p> <p>\u00dcber das Festival<br \/> &#8222;F\u00fcr Kommunikationsexperten und Filmemacher ist Made in Corporate DER neue Treffpunkt, wenn es um den Austausch zu verschiedensten Aspekten unternehmerischer Innovation und Nachhaltigkeit geht&#8220;, so Jean-Charles Pentecouteau, Mitbegr\u00fcnder der Deauville Green Awards und Gr\u00fcnder von Made in Corporate. &#8222;Wir haben drei Module ins Leben gerufen, die inspirieren, neue Anreize setzen und damit den Weg f\u00fcr innovative Ver\u00e4nderungsprozesse ebnen sollen : Die MIC Awards, das MIC Lab und MIC Business.&#8220;<\/p> <p>Neben dem Wettbewerb, den MIC Awards, besteht das Made in Corporate Festival daher aus zwei weiteren Modulen:<\/p> <p>&#8211; MIC Awards : Internationaler Wettbewerb der besten audiovisuellen Produktionen (Corporate Media, Werbung, Dokumentationen) rund um das Thema Innovation<br \/> &#8211; MIC Lab : Konferenzen und Workshops<br \/> &#8211; MIC Business : Arbeitsgruppen und Networking-Veranstaltungen<\/p> <p>#<\/p> <p>Weitere Informationen unter www.madeincorporate.com. F\u00fcr den Download des Made in Corporate Logos klicken Sie bitte: http:\/\/www.madeincorporate.com\/wp-content\/uploads\/2015\/07\/logo-made-in-co.jpg<\/p> <p>Made in Corporate und Social Media :<br \/> &#8211; Facebook: https:\/\/www.facebook.com\/madeincorporate\/<br \/> &#8211; Google Plus: https:\/\/plus.google.com\/u\/0\/107722564301602484440\/about<br \/> &#8211; Twitter: https:\/\/twitter.com\/MadeinCorporate<\/p> <p>\u00dcber die Kommission &#8218;Innovation 2030&#8216;:<br \/> Am 18 April 2013 setzte der franz\u00f6sische Staatspr\u00e4sident die Kommission Innovation 2030 unter dem Vorsitz von Anne Lauvergeon und unter der Federf\u00fchrung des Ministers f\u00fcr die Belebung der Produktion sowie der Staatsministerin f\u00fcr kleine und mittlere Unternehmen, Innovation und digitale Wirtschaft ein. Die Kommission setzt sich mit den wichtigsten Herausforderungen der Welt im Jahre 2030 auseinander und ermittelte sieben Schwerpunktbereiche mit gro\u00dfem Potenzial f\u00fcr das Wirtschaftswachstum Frankreichs. Diese sollen als sieben S\u00e4ulen die Basis f\u00fcr langfristigen Wohlstand und nachhaltige Besch\u00e4ftigung bilden.<\/p> <p>\u00dcber &#8218;Made in Corporate&#8216;:<br \/> Made in Corporate ist ein neues Filmfestival rund um das Thema unternehmerische Innovation. Als Treffpunkt insbesondere f\u00fcr Experten im Bereich der audiovisuellen Unternehmenskommunikation und deren Auftraggeber f\u00f6rdert MIC den internationalen Austausch und setzt gleichzeitig Anreize f\u00fcr m\u00f6gliche, erfolgversprechende Ver\u00e4nderungen. Das Festival m\u00f6chte informieren und inspirieren &#8211; und mit der angegliederten Preisverleihung die besten Initiativen im Bereich unternehmerische Innovation w\u00fcrdigen. Die zukunftsrelevanten Inhalte des Festivals stehen daher nicht nur im Interesse von Filmemachern und Kommunikationsexperten, sondern von Wirtschaft, Wissenschaft und der breiten Bev\u00f6lkerung.<\/p> <p>\u00dcber die Kommission &#8218;Innovation 2030&#8216;:<br \/> Am 18 April 2013 setzte der franz\u00f6sische Staatspr\u00e4sident die Kommission Innovation 2030 unter dem Vorsitz von Anne Lauvergeon und unter der Federf\u00fchrung des Ministers f\u00fcr die Belebung der Produktion sowie der Staatsministerin f\u00fcr kleine und mittlere Unternehmen, Innovation und digitale Wirtschaft ein. Die Kommission setzt sich mit den wichtigsten Herausforderungen der Welt im Jahre 2030 auseinander und ermittelte sieben Schwerpunktbereiche mit gro\u00dfem Potenzial f\u00fcr das Wirtschaftswachstum Frankreichs. Diese sollen als sieben S\u00e4ulen die Basis f\u00fcr langfristigen Wohlstand und nachhaltige Besch\u00e4ftigung bilden.<\/p> <p>\u00dcber &#8218;Made in Corporate&#8216;:<br \/> Made in Corporate ist ein neues Filmfestival rund um das Thema unternehmerische Innovation. Als Treffpunkt insbesondere f\u00fcr Experten im Bereich der audiovisuellen Unternehmenskommunikation und deren Auftraggeber f\u00f6rdert MIC den internationalen Austausch und setzt gleichzeitig Anreize f\u00fcr m\u00f6gliche, erfolgversprechende Ver\u00e4nderungen. Das Festival m\u00f6chte informieren und inspirieren &#8211; und mit der angegliederten Preisverleihung die besten Initiativen im Bereich unternehmerische Innovation w\u00fcrdigen. Die zukunftsrelevanten Inhalte des Festivals stehen daher nicht nur im Interesse von Filmemachern und Kommunikationsexperten, sondern von Wirtschaft, Wissenschaft und der breiten Bev\u00f6lkerung.<\/p> <p>Firmenkontakt<br \/> Association Made In Corporate<br \/> Jean-Charles Pentecouteau<br \/> Rue des Mathurins 37<br \/> 75008 Paris<br \/> +33 (0)1 79 97 40 64<br \/> jcp@madeincorporate.com<br \/> http:\/\/www.madeincorporate.com<\/p> <p>Pressekontakt<br \/> PR AM &#8211; Alexandra Maiberger<br \/> Alexandra Maiberger<br \/> Corneliusstra\u00dfe 5<br \/> 80469 M\u00fcnchen<br \/> +49 179 46 74 310<br \/> amaiberger@pr-am.com<br \/> http:\/\/www.pr-am.com<\/p> <\/div> <p>&nbsp;<\/p>","protected":false},"excerpt":{"rendered":"<p>Filmfestival MADE IN CORPORATE w\u00fcrdigt unternehmerische Innovationen Wettbewerb mit offizieller Unterst\u00fctzung der Kommission &#8218;Innovation 2030&#8216; ab sofort er\u00f6ffnet Am 12. und 13. April 2016 wird im franz\u00f6sischen Deauville zum ersten Mal das Filmfestival Made in Corporate (http:\/\/www.madeincorporate.com\/?lang=de) stattfinden, das sich als internationaler Treffpunkt rund um das Thema unternehmerische Innovation versteht.<\/p>\n","protected":false},"author":2,"featured_media":181743,"comment_status":"closed","ping_status":"closed","sticky":false,"template":"","format":"standard","meta":{"footnotes":""},"categories":[117],"tags":[134],"class_list":["post-181724","post","type-post","status-publish","format-standard","has-post-thumbnail","hentry","category-kino-film-fotografie","tag-default"],"amp_enabled":true,"_links":{"self":[{"href":"https:\/\/www.fachzeitungen.de\/fachbeitraege\/wp-json\/wp\/v2\/posts\/181724","targetHints":{"allow":["GET"]}}],"collection":[{"href":"https:\/\/www.fachzeitungen.de\/fachbeitraege\/wp-json\/wp\/v2\/posts"}],"about":[{"href":"https:\/\/www.fachzeitungen.de\/fachbeitraege\/wp-json\/wp\/v2\/types\/post"}],"author":[{"embeddable":true,"href":"https:\/\/www.fachzeitungen.de\/fachbeitraege\/wp-json\/wp\/v2\/users\/2"}],"replies":[{"embeddable":true,"href":"https:\/\/www.fachzeitungen.de\/fachbeitraege\/wp-json\/wp\/v2\/comments?post=181724"}],"version-history":[{"count":4,"href":"https:\/\/www.fachzeitungen.de\/fachbeitraege\/wp-json\/wp\/v2\/posts\/181724\/revisions"}],"predecessor-version":[{"id":255577,"href":"https:\/\/www.fachzeitungen.de\/fachbeitraege\/wp-json\/wp\/v2\/posts\/181724\/revisions\/255577"}],"wp:featuredmedia":[{"embeddable":true,"href":"https:\/\/www.fachzeitungen.de\/fachbeitraege\/wp-json\/wp\/v2\/media\/181743"}],"wp:attachment":[{"href":"https:\/\/www.fachzeitungen.de\/fachbeitraege\/wp-json\/wp\/v2\/media?parent=181724"}],"wp:term":[{"taxonomy":"category","embeddable":true,"href":"https:\/\/www.fachzeitungen.de\/fachbeitraege\/wp-json\/wp\/v2\/categories?post=181724"},{"taxonomy":"post_tag","embeddable":true,"href":"https:\/\/www.fachzeitungen.de\/fachbeitraege\/wp-json\/wp\/v2\/tags?post=181724"}],"curies":[{"name":"wp","href":"https:\/\/api.w.org\/{rel}","templated":true}]}}