{"id":269437,"date":"2024-12-06T11:37:03","date_gmt":"2024-12-06T10:37:03","guid":{"rendered":"https:\/\/www.fachzeitungen.de\/fachbeitraege\/?p=269437"},"modified":"2024-12-06T11:37:03","modified_gmt":"2024-12-06T10:37:03","slug":"die-produktion-von-erden-und-substraten","status":"publish","type":"post","link":"https:\/\/www.fachzeitungen.de\/fachbeitraege\/die-produktion-von-erden-und-substraten-10269437\/","title":{"rendered":"Die Produktion von Erden und Substraten"},"content":{"rendered":"<p><img loading=\"lazy\" decoding=\"async\" class=\"alignleft wp-image-269438 size-full\" title=\"wertvolle Ressourcen schonen\" src=\"https:\/\/www.fachzeitungen.de\/fachbeitraege\/wp-content\/uploads\/2024\/12\/456555-e1733481319361.jpg\" alt=\"Substrate aus Recycling\" width=\"300\" height=\"211\" \/>Die Produktion von hochwertigen Erden und Substraten ist ein wichtiger Bestandteil des Umweltschutzes und der Kreislaufwirtschaft. Als Experte f\u00fcr Abfallentsorgung und Recycling ist es bei GEMES unser Ziel, wertvolle Ressourcen zu schonen und nachhaltige Produkte herzustellen.<!--more--><\/p> <p>Rohstoffe clever recyceln<\/p> <p>In unserer modernen Produktionsanlage werden verschiedene Abf\u00e4lle und Reststoffe recycelt und zu hochwertigen Erden und Substraten verarbeitet. Durch innovative Technologien und effiziente Prozesse k\u00f6nnen wir sicherstellen, dass die Qualit\u00e4t unserer Produkte stets den h\u00f6chsten Anspr\u00fcchen gen\u00fcgt.<\/p> <p>Nachhaltigkeit wird gro\u00dfgeschrieben<\/p> <p>Bei der Produktion legen wir gro\u00dfen Wert auf Nachhaltigkeit und Umweltvertr\u00e4glichkeit. Durch den Einsatz von recycelten Materialien leisten wir einen wichtigen Beitrag zur Schonung nat\u00fcrlicher Ressourcen und zur Reduzierung von Abfallmengen. So k\u00f6nnen unsere Kunden nicht nur von qualitativ hochwertigen Produkten profitieren, sondern auch aktiv zum Umweltschutz beitragen.<\/p> <p>Vielf\u00e4ltige Anwendungsbereiche<\/p> <p>Unsere Erden und Substrate finden in zahlreichen Bereichen Anwendung, sei es im Gartenbau, Landschaftsbau oder bei der Renaturierung von Fl\u00e4chen. Dank ihrer hohen Qualit\u00e4t und optimalen N\u00e4hrstoffzusammensetzung sind sie die perfekte Wahl f\u00fcr professionelle Anwender und Hobbyg\u00e4rtner gleicherma\u00dfen.<\/p> <p>Fazit: Nachhaltige Produkte f\u00fcr eine gr\u00fcne Zukunft<\/p> <p>Die Produktion von Erden und Substraten bei GEMES Abfallentsorgung und Recycling GmbH vereint Umweltschutz, Ressourcenschonung und qualitativ hochwertige Produkte. Mit unserem ganzheitlichen Ansatz m\u00f6chten wir einen Beitrag zur F\u00f6rderung einer nachhaltigen und umweltbewussten Zukunft leisten. Entdecken Sie unsere Produkte und \u00fcberzeugen Sie sich selbst von ihrer Qualit\u00e4t und Vielseitigkeit.<\/p> <p>GEMES Abfallentsorgung und Recycling GmbH ist ein Entsorgungsfachbetrieb nach der Entsorgungsfachbetriebeverordnung.<\/p> <p>Seit 1991 garantieren wir unseren Kunden optimale Entsorgungssicherheit durch umweltgerechte und hochwertige Entsorgungswege und den Einsatz moderner Technik.<\/p> <p>Von unseren Standorten in Th\u00fcringen sind wir bundesweit f\u00fcr Vertragspartner der \u00f6ffentlichen Hand sowie f\u00fcr Industrie- und Gewerbekunden t\u00e4tig.<\/p> <p><b>Kontakt<\/b><\/p> <p>GEMES Abfallentsorgung und Recycling GmbH,<\/p> <p>Sascha Richter<\/p> <p>Zinna 4<\/p> <p>07646 Sch\u00f6ngleina<\/p> <p>+4936428582<\/p> <p><img decoding=\"async\" src=\"https:\/\/pr-gateway.de\/media\/pr\/image\/41008\/email\/presse\/456555.png\" alt=\"fa20d4812ac79efa049ec5e2e7ff9f9c2ec3a196\" \/><\/p> <blockquote class=\"wp-embedded-content\" data-secret=\"17SDxJqdSL\"><p><a target=\"_blank\" rel=\"nofollow\" href=\"https:\/\/gemes.de\/\"  >Home<\/a><\/p><\/blockquote> <p><iframe loading=\"lazy\" class=\"wp-embedded-content\" sandbox=\"allow-scripts\" security=\"restricted\" style=\"position: absolute; visibility: hidden;\" title=\"&#8222;Home&#8220; &#8212; GEMES \u2013 Abfallentsorgung und Recycling GmbH\" src=\"https:\/\/gemes.de\/embed\/#?secret=P48wB5X11Q#?secret=17SDxJqdSL\" data-secret=\"17SDxJqdSL\" width=\"600\" height=\"338\" frameborder=\"0\" marginwidth=\"0\" marginheight=\"0\" scrolling=\"no\"><\/iframe><\/p> <p>Die Bildrechte liegen bei dem Verfasser der Mitteilung.<\/p>","protected":false},"excerpt":{"rendered":"<p>Die Produktion von hochwertigen Erden und Substraten ist ein wichtiger Bestandteil des Umweltschutzes und der Kreislaufwirtschaft. Als Experte f\u00fcr Abfallentsorgung und Recycling ist es bei GEMES unser Ziel, wertvolle Ressourcen zu schonen und nachhaltige Produkte herzustellen.<\/p>\n","protected":false},"author":12,"featured_media":269438,"comment_status":"closed","ping_status":"closed","sticky":false,"template":"","format":"standard","meta":{"footnotes":""},"categories":[107],"tags":[],"class_list":["post-269437","post","type-post","status-publish","format-standard","has-post-thumbnail","hentry","category-umwelt-klima-energie"],"amp_enabled":true,"_links":{"self":[{"href":"https:\/\/www.fachzeitungen.de\/fachbeitraege\/wp-json\/wp\/v2\/posts\/269437","targetHints":{"allow":["GET"]}}],"collection":[{"href":"https:\/\/www.fachzeitungen.de\/fachbeitraege\/wp-json\/wp\/v2\/posts"}],"about":[{"href":"https:\/\/www.fachzeitungen.de\/fachbeitraege\/wp-json\/wp\/v2\/types\/post"}],"author":[{"embeddable":true,"href":"https:\/\/www.fachzeitungen.de\/fachbeitraege\/wp-json\/wp\/v2\/users\/12"}],"replies":[{"embeddable":true,"href":"https:\/\/www.fachzeitungen.de\/fachbeitraege\/wp-json\/wp\/v2\/comments?post=269437"}],"version-history":[{"count":1,"href":"https:\/\/www.fachzeitungen.de\/fachbeitraege\/wp-json\/wp\/v2\/posts\/269437\/revisions"}],"predecessor-version":[{"id":269439,"href":"https:\/\/www.fachzeitungen.de\/fachbeitraege\/wp-json\/wp\/v2\/posts\/269437\/revisions\/269439"}],"wp:featuredmedia":[{"embeddable":true,"href":"https:\/\/www.fachzeitungen.de\/fachbeitraege\/wp-json\/wp\/v2\/media\/269438"}],"wp:attachment":[{"href":"https:\/\/www.fachzeitungen.de\/fachbeitraege\/wp-json\/wp\/v2\/media?parent=269437"}],"wp:term":[{"taxonomy":"category","embeddable":true,"href":"https:\/\/www.fachzeitungen.de\/fachbeitraege\/wp-json\/wp\/v2\/categories?post=269437"},{"taxonomy":"post_tag","embeddable":true,"href":"https:\/\/www.fachzeitungen.de\/fachbeitraege\/wp-json\/wp\/v2\/tags?post=269437"}],"curies":[{"name":"wp","href":"https:\/\/api.w.org\/{rel}","templated":true}]}}