{"id":3252,"date":"2012-11-22T16:17:42","date_gmt":"2012-11-22T15:17:42","guid":{"rendered":"http:\/\/www.fachzeitungen.de\/fachbeitraege\/?p=3252"},"modified":"2026-04-24T11:22:42","modified_gmt":"2026-04-24T10:22:42","slug":"legal-image-zeigt-den-menschen-im-anwalt","status":"publish","type":"post","link":"https:\/\/www.fachzeitungen.de\/fachbeitraege\/legal-image-zeigt-den-menschen-im-anwalt-103252\/","title":{"rendered":"LEGAL IMAGE zeigt den Menschen im Anwalt"},"content":{"rendered":"<p>Relaunch f\u00fcr ein innovatives, designpreisgekr\u00f6ntes Portal<br \/> Das Wichtigste an der Beziehung zwischen Anwalt und Mandant ist das Vertrauensverh\u00e4ltnis. Daf\u00fcr beste Startbedingungen zu schaffen, hat sich die LEGIAL AG, einer der f\u00fchrenden Anbieter innovativer Rechtsdienstleistungen, zum Anliegen gemacht. Ihre Internetpr\u00e4senz LEGAL IMAGE pr\u00e4sentiert in anspruchsvollem Design den Menschen im Anwalt, um bei potenziellen Mandanten Schwellen\u00e4ngste abzubauen. <!--more-->Der aktuelle Relaunch des zuletzt f\u00fcr den Deutschen Designpreis 2012 nominierten Portals baut diese St\u00e4rken weiter aus: Die ausdrucksstarke Bildsprache wird k\u00fcnftig noch mehr dazu dienen, den praktischen Mehrwert f\u00fcr den Besucher zu erh\u00f6hen \u2013 und so noch st\u00e4rker zu einem pers\u00f6nlichen Draht zwischen Anwalt und Mandant beitragen.<\/p> <p>Neue Idee \u2013 ausgezeichnet umgesetzt<br \/> Die Idee, Anw\u00e4lte in ausf\u00fchrlichen Portr\u00e4ts und starken Bildern \u00fcber ihre fachliche Kompetenz hinaus vor allem von ihrer pers\u00f6nlichen Seite zu zeigen, ist neu und auf den ersten Blick \u00fcberraschend. Wer aber schon einmal auf Anwaltssuche war und wei\u00df, dass auch ein Erstgespr\u00e4ch etwas kostet, bei dem die Chemie nicht stimmt, wird das Anwaltssuchportal LEGAL IMAGE als Geheimtipp mit echtem Mehrwert sch\u00e4tzen. Freunde des anspruchsvollen Designs werden die Seite ohnehin kennen: Denn das innovative Gestaltungskonzept brachte der Website in diesem Jahr unter anderem eine Nominierung f\u00fcr den Deutschen Designpreis ein.<\/p> <p>Bilder sagen mehr als Worte<br \/> Nach seinem Relaunch setzt das Portal, das vom Rechtsdienstleister LEGIAL AG betrieben wird, k\u00fcnftig noch mehr auf die Kraft ausdrucksstarker Bilder: So findet beispielsweise nahezu die komplette Men\u00fcf\u00fchrung \u00fcber eine Bildnavigation statt. Nach dem gleichen Prinzip funktioniert die Darstellung der Suchergebnisse f\u00fcr den passenden Anwalt. \u201eEs handelt sich hier allerdings nicht um eine Anwaltssuchmaschine im herk\u00f6mmlichen Sinne\u201c, betont Astrid Kohlmeier, Marketingleiterin der LEGIAL AG und f\u00fcr den LEGAL IMAGE Auftritt verantwortlich. \u201eDie Seite stellt ausschlie\u00dflich Anw\u00e4lte vor, von deren Kompetenz wir uns in jahrelanger, vertrauensvoller Zusammenarbeit in der Prozessfinanzierung \u00fcberzeugen konnten.\u201c Potenzielle Mandanten k\u00f6nnen so von der Expertise und Erfahrung der LEGIAL AG profitieren. Und: Da es sich bei LEGAL IMAGE um kein kommerzielles Angebot handelt, werden die Anw\u00e4lte f\u00fcr ihren Auftritt nicht zur Kasse gebeten. Auch f\u00fcr die Nutzer der Seite ist das Angebot vollkommen kostenlos.<\/p> <p>Fachliche Kompetenz und pers\u00f6nlicher Draht<br \/> Mit dem Rollout der Internetplattform www.legalimage.de ging die LEGIAL AG bereits 2010 einen in der Anwaltsbranche einzigartigen Weg. Ihr Anspruch: Den Menschen aus Fleisch und Blut hinter dem Anwaltsberuf zu zeigen. So soll die Seite dem Nutzer die Suche nach einem Anwalt erleichtern, bei dem er sich im Falle eines Problems pers\u00f6nlich und fachlich gut aufgehoben f\u00fchlt: Denn nur eine solide Vertrauensbasis macht die Beziehung zwischen Mandant und Anwalt f\u00fcr beide Seiten erfolgreich. Deshalb gibt das Portal nicht nur einen anschaulichen ersten Eindruck von der fachlichen Kompetenz des Anwalts, sondern auch von dessen Pers\u00f6nlichkeit und Interessen. \u201eDreh- und Angelpunkt unserer Seite ist die Optik\u201c, erl\u00e4utert die Marketingleiterin den gestalterischen Schwerpunkt der Website und erg\u00e4nzt: \u201eVon der fachlichen Kompetenz der Anw\u00e4lte sind wir ohnehin durch die intensive Zusammenarbeit \u00fcberzeugt. Auf der Plattform konzentrieren wir uns daher ganz auf die Pers\u00f6nlichkeit der Anw\u00e4lte. Das zeigen wir anhand individueller Portr\u00e4ts und Profile. Sie werden dann durch die Schilderung der pers\u00f6nlichen Interessen in den Magazinbeitr\u00e4gen abgerundet.\u201c<br \/> Die Pers\u00f6nlichkeit eines Anwalts in den Vordergrund r\u00fcckt unter anderem auch die Kolumne \u201eAdvoCat\u201c. Die am\u00fcsanten Alltagsbeobachtungen eines Rechtsanwaltes werden bebildert durch den K\u00fcnstler Jan Beumelburg, der die Anwaltsrobe als Objekt einer Fotoserie in unterschiedlichen, \u201eartfremden\u201c Umgebungen inszeniert.<br \/> Weitere Informationen erhalten Sie unter www.legalimage.de oder www.legial.de<\/p> <p>LEGIAL<br \/> Astrid Kohlmeier<br \/> Telefon: 089\/ 6275 6810<br \/> E-Mail: astrid.kohlmeier@legial.de<\/p> <p>HARTZKOM<br \/> Dr. Sabine Gladkov<br \/> Telefon: 089\/ 9984 610<br \/> E-Mail: s.gladkov@hartzkom.de<\/p> <p>\u00dcber die LEGIAL AG<br \/> Die LEGIAL AG (die Gesellschaft hat sich im Oktober 2011 umbenannt und firmierte bis dahin unter dem Namen D.A.S. Prozessfinanzierung AG) ist ein f\u00fchrender Anbieter von innovativen Rechtsdienstleistungen und ist in die Unternehmensbereiche Prozessfinanzierung und Forderungsmanagement gegliedert. LEGIAL \u00fcbernimmt im Bereich Prozessfinanzierung die Prozesskosten f\u00fcr Klagen ab einem Streitwert von 100.000 Euro gegen Beteiligung am Prozesserl\u00f6s im Erfolgsfall. Im Bereich Forderungsmanagement bietet LEGIAL die Rechtsdienstleistung Inkasso f\u00fcr eine Vielzahl von Branchen und ist daf\u00fcr Erlaubnisinhaber nach Rechtsdienstleistungsgesetz. Insbesondere im Hinblick auf die Versicherungsbranche verf\u00fcgt LEGIAL \u00fcber eine ausgewiesene Expertise. Die LEGIAL AG mit Sitz in M\u00fcnchen ist eine Tochtergesellschaft der D.A.S. Rechtsschutzversicherung, dem Rechtsschutzversicherer der ERGO.<\/p>","protected":false},"excerpt":{"rendered":"<p>Relaunch f\u00fcr ein innovatives, designpreisgekr\u00f6ntes Portal Das Wichtigste an der Beziehung zwischen Anwalt und Mandant ist das Vertrauensverh\u00e4ltnis. Daf\u00fcr beste Startbedingungen zu schaffen, hat sich die LEGIAL AG, einer der f\u00fchrenden Anbieter innovativer Rechtsdienstleistungen, zum Anliegen gemacht. Ihre Internetpr\u00e4senz LEGAL IMAGE pr\u00e4sentiert in anspruchsvollem Design den Menschen im Anwalt, um bei potenziellen Mandanten Schwellen\u00e4ngste abzubauen.<\/p>\n","protected":false},"author":1,"featured_media":0,"comment_status":"closed","ping_status":"closed","sticky":false,"template":"","format":"standard","meta":{"footnotes":""},"categories":[131],"tags":[],"class_list":["post-3252","post","type-post","status-publish","format-standard","hentry","category-recht-steuern"],"amp_enabled":true,"_links":{"self":[{"href":"https:\/\/www.fachzeitungen.de\/fachbeitraege\/wp-json\/wp\/v2\/posts\/3252","targetHints":{"allow":["GET"]}}],"collection":[{"href":"https:\/\/www.fachzeitungen.de\/fachbeitraege\/wp-json\/wp\/v2\/posts"}],"about":[{"href":"https:\/\/www.fachzeitungen.de\/fachbeitraege\/wp-json\/wp\/v2\/types\/post"}],"author":[{"embeddable":true,"href":"https:\/\/www.fachzeitungen.de\/fachbeitraege\/wp-json\/wp\/v2\/users\/1"}],"replies":[{"embeddable":true,"href":"https:\/\/www.fachzeitungen.de\/fachbeitraege\/wp-json\/wp\/v2\/comments?post=3252"}],"version-history":[{"count":1,"href":"https:\/\/www.fachzeitungen.de\/fachbeitraege\/wp-json\/wp\/v2\/posts\/3252\/revisions"}],"predecessor-version":[{"id":270634,"href":"https:\/\/www.fachzeitungen.de\/fachbeitraege\/wp-json\/wp\/v2\/posts\/3252\/revisions\/270634"}],"wp:attachment":[{"href":"https:\/\/www.fachzeitungen.de\/fachbeitraege\/wp-json\/wp\/v2\/media?parent=3252"}],"wp:term":[{"taxonomy":"category","embeddable":true,"href":"https:\/\/www.fachzeitungen.de\/fachbeitraege\/wp-json\/wp\/v2\/categories?post=3252"},{"taxonomy":"post_tag","embeddable":true,"href":"https:\/\/www.fachzeitungen.de\/fachbeitraege\/wp-json\/wp\/v2\/tags?post=3252"}],"curies":[{"name":"wp","href":"https:\/\/api.w.org\/{rel}","templated":true}]}}