{"id":35130,"date":"2013-06-26T23:01:29","date_gmt":"2013-06-26T23:01:29","guid":{"rendered":"http:\/\/www.fachzeitungen.de\/fachbeitraege\/?p=35130"},"modified":"2020-11-17T12:39:35","modified_gmt":"2020-11-17T11:39:35","slug":"ungenutzte-faehigkeiten-aktivieren","status":"publish","type":"post","link":"https:\/\/www.fachzeitungen.de\/fachbeitraege\/ungenutzte-faehigkeiten-aktivieren-1035130\/","title":{"rendered":"Ungenutzte F\u00e4higkeiten aktivieren"},"content":{"rendered":"<p><img loading=\"lazy\" decoding=\"async\" class=\"attachment alighnleft alignleft\" title=\"selber denken - aber richtig\" alt=\"selber denken - aber richtig\" src=\"https:\/\/www.fachzeitungen.de\/fachbeitraege\/wp-content\/uploads\/2013\/06\/179722-150x150.jpg\" width=\"150\" height=\"150\" \/>Ein Gehirn hat jeder &#8211; aber die wenigsten wissen es zu nutzen<\/p> <p>FQL Akademie in M\u00fcnchen bietet Info-Abende und Workshops f\u00fcr Sitzberufler, Kopfarbeiter und Querdenker<br \/> Was Menschen unter welchen Bedingungen lernen und wie die dabei gemachten Erfahrungen im Gehirn verankert werden, ist seit je her eine spannende Frage. Warum k\u00f6nnen wir nicht alles entfalten, was in uns steckt? Woher r\u00fchrt die Angst zu scheitern? Was hilft, aus Krisensituationen herauszukommen und verlorenes Vertrauen in uns zur\u00fcckzugewinnen? <!--more-->Wo und vor allem: Wie finden wir wieder Bedeutsames in unserem Leben? Das sind alles spannende Fragen, auf die die Neurowissenschaft in den letzten Jahren erstaunliche Erkenntnisse hervor gebracht hat. Die FQL Akademie in M\u00fcnchen bietet hierzu eine Reihe interessanter Workshops und Info-Abende an.<\/p> <p>**** Selber denken &#8211; aber richtig! (Einmalige Promotion-Aktion: 99 EUR f\u00fcr 2 Tage statt 399 EUR)<br \/> Mentaltrainer Herbert Ost wird in seinem Wochenend-Workshop am 13. und 14. Juli 2013 zeigen, wie man durch den richtigen zielorientierten Einsatz der rationalen und emotionalen Intelligenz wirksam ungenutzte F\u00e4higkeiten aktivieren und f\u00fcr eigene Erfolge nutzen kann. Wer sich bis sp\u00e4testens 2. Juli 2013 f\u00fcr diesen Workshop anmeldet, zahlt nur 99,00 EUR (!) statt 399,00 EUR (Einmalige Promotion-Aktion). Ein echter Geheim-Tipp.<\/p> <p>**** LLL &#8211; Leistungslust oder Leistungsfrust?<br \/> Wie man die Leistungsf\u00e4higkeit des Gehirns steigern kann, ist das Thema eines zweist\u00fcndigen Informationsabends am Montag, 22. Juli um 18:30 Uhr mit Stephan Ehlers. Er ist Inhaber der FQL Akademie und Mitglied der Akademie f\u00fcr neurowissenshaftliches Bildungsmanagement. Die Teilnahmegeb\u00fchr kostet nur 10,00 EUR statt 15,00 EUR, wenn man sich bis 6. Juli anmeldet.<\/p> <p>*** Ged\u00e4chtnistraining beim Weltmeister (!)<br \/> Lernen Sie bei Ged\u00e4chtnis-Weltmeister Boris N. Konrad, wie Sie sich Namen merken und dauerhaft einpr\u00e4gen k\u00f6nnen und wie Sie Reden, Argumentationslisten und ganze Pr\u00e4sentationen sicher frei vortragen k\u00f6nnen. &#8222;Ein gutes Ged\u00e4chtnis ist kein Schicksal &#8211; es ist trainierbar&#8220; sagt Boris Nikolai Konrad. Und er muss es wissen. Er hat es ausprobiert. Er h\u00e4lt verschiedene Ged\u00e4chtnisweltrekorde, war zweimal bei &#8222;Wetten Dass?&#8220; und gewann im Dezember letzten Jahres den ZDF-Wettbewerb &#8222;Das Superhirn&#8220;. Das er es nicht nur selbst kann sondern auch anderen (&#8222;normalen&#8220;) Menschen die sichere Handhabung des &#8222;Gehirn-Speichers beibringen kann, hat er bereits mehrfach eindrucksvoll bewiesen. Ab September beginnt seine Seminar-Roadshow durch Deutschland (15 Termine in 10 Orten).<\/p> <p>Weitere Informationen zu diesen und anderen Informationsabenden und Workshops finden Sie bei www.fql-akademie.de in der Kategorie &#8222;Gehirn-Wissen&#8220;.<\/p> <p>Die FQL Akademie ist ein Unternehmen von Gabriele &amp; Stephan Ehlers, das Infoabende, Vortr\u00e4ge, Workshops und Seminare anbietet, die dem FQL-Credo entsprechen: FQL steht f\u00fcr Findet Querdenken Lukrativ und Forciert Querfeldein-Lernen. Das Themenspektrum ist sehr unterschiedlich und reicht von der Karriere- und Pers\u00f6nlichkeitsentwicklung, \u00fcber Management- und Kreativit\u00e4tsseminare bis hin zu speziellen Themen wie Energie-Fragen und Train-the-Trainer-Workshops. Gabriele und Stephan Ehlers sind beide Mitglied, der auf &#8222;gehirngerechtes Lernen&#8220; spezialisierten Akademie f\u00fcr neurowissenschaftliches Bildungsmanagement (AFNB).<br \/> Das Vortrags- und Networking-Format &#8222;Brain &amp; Brez&#8220;n&#8220; beginnt immer um 18:30 Uhr. Nach einem Vortrag (ca. 60 Min.) wird ausreichend Zeit f\u00fcr die Diskussion gegeben sowie das Kennenlernen der Teilnehmer untereinander. Maximal 15 k\u00f6nnen an einem Brain &amp; Brez&#8220;n-Infoabend teilnehmen. Die Macher der FQL Akademie, Gabriele und Stephan Ehlers, sind sich einig: &#8222;Die beste W\u00e4hrung noch vor dem Euro oder Dollar sind Kontakte. Hierf\u00fcr bietet &#8222;Brain &amp; Brez&#8220;n&#8220; beste M\u00f6glichkeiten.<\/p> <p>Kontakt:<br \/> FQL Akademie<br \/> Gabriele Ehlers<br \/> Lannerstr. 5<br \/> 80638 M\u00fcnchen<br \/> 089 17117036<br \/> ge@fql.de<br \/> http:\/\/www.fql-akademie.de<\/p> <p>&nbsp;<\/p> <p>URL zum YouTube-Video: http:\/\/www.youtube.com\/watch?v=<\/p>","protected":false},"excerpt":{"rendered":"<p>Ein Gehirn hat jeder &#8211; aber die wenigsten wissen es zu nutzen FQL Akademie in M\u00fcnchen bietet Info-Abende und Workshops f\u00fcr Sitzberufler, Kopfarbeiter und Querdenker Was Menschen unter welchen Bedingungen lernen und wie die dabei gemachten Erfahrungen im Gehirn verankert werden, ist seit je her eine spannende Frage. Warum k\u00f6nnen wir nicht alles entfalten, was<\/p>\n","protected":false},"author":1,"featured_media":153043,"comment_status":"closed","ping_status":"closed","sticky":false,"template":"","format":"standard","meta":{"footnotes":""},"categories":[24],"tags":[134],"class_list":["post-35130","post","type-post","status-publish","format-standard","has-post-thumbnail","hentry","category-wissenschaft","tag-default"],"amp_enabled":true,"_links":{"self":[{"href":"https:\/\/www.fachzeitungen.de\/fachbeitraege\/wp-json\/wp\/v2\/posts\/35130","targetHints":{"allow":["GET"]}}],"collection":[{"href":"https:\/\/www.fachzeitungen.de\/fachbeitraege\/wp-json\/wp\/v2\/posts"}],"about":[{"href":"https:\/\/www.fachzeitungen.de\/fachbeitraege\/wp-json\/wp\/v2\/types\/post"}],"author":[{"embeddable":true,"href":"https:\/\/www.fachzeitungen.de\/fachbeitraege\/wp-json\/wp\/v2\/users\/1"}],"replies":[{"embeddable":true,"href":"https:\/\/www.fachzeitungen.de\/fachbeitraege\/wp-json\/wp\/v2\/comments?post=35130"}],"version-history":[{"count":1,"href":"https:\/\/www.fachzeitungen.de\/fachbeitraege\/wp-json\/wp\/v2\/posts\/35130\/revisions"}],"predecessor-version":[{"id":267005,"href":"https:\/\/www.fachzeitungen.de\/fachbeitraege\/wp-json\/wp\/v2\/posts\/35130\/revisions\/267005"}],"wp:featuredmedia":[{"embeddable":true,"href":"https:\/\/www.fachzeitungen.de\/fachbeitraege\/wp-json\/wp\/v2\/media\/153043"}],"wp:attachment":[{"href":"https:\/\/www.fachzeitungen.de\/fachbeitraege\/wp-json\/wp\/v2\/media?parent=35130"}],"wp:term":[{"taxonomy":"category","embeddable":true,"href":"https:\/\/www.fachzeitungen.de\/fachbeitraege\/wp-json\/wp\/v2\/categories?post=35130"},{"taxonomy":"post_tag","embeddable":true,"href":"https:\/\/www.fachzeitungen.de\/fachbeitraege\/wp-json\/wp\/v2\/tags?post=35130"}],"curies":[{"name":"wp","href":"https:\/\/api.w.org\/{rel}","templated":true}]}}