{"id":278191,"date":"2026-01-02T10:42:48","date_gmt":"2026-01-02T09:42:48","guid":{"rendered":"https:\/\/www.fachzeitungen.de\/pressemeldungen\/?p=278191"},"modified":"2026-01-02T10:42:48","modified_gmt":"2026-01-02T09:42:48","slug":"ein-abend-mit-schubert","status":"publish","type":"post","link":"https:\/\/www.fachzeitungen.de\/pressemeldungen\/ein-abend-mit-schubert-10278191\/","title":{"rendered":"Ein Abend mit Schubert"},"content":{"rendered":"<p><img loading=\"lazy\" decoding=\"async\" class=\"alignleft wp-image-278192 size-full\" title=\"Werk zwischen Volksmusik, Salon und Romantik\" src=\"https:\/\/www.fachzeitungen.de\/pressemeldungen\/wp-content\/uploads\/2025\/12\/konzert-0801-2026-e1767346827636.jpg\" alt=\"Flyer Forellenquintett\" width=\"212\" height=\"300\" \/>Das erste Konzert des Jahres 2026 in der Mendelssohn-Remise!<br \/> Das sch\u00f6nste Geschenk f\u00fcr Sie, Ihre Familie und Freunde!<br \/> DONNERSTAG, 8 JANUAR 2026, 19 UHR.<!--more--><br \/> Franz Schubert (1797\u20131828)<br \/> Trio Nr. 2 f\u00fcr Violine, Violoncello und Klavier Es-Dur Op. 100<br \/> Quintett f\u00fcr Violine, Viola, Violoncello, Kontrabass und Klavier Op. 114 \u201cForellenquintett\u201d<br \/> Judith Ingolfsson \u2013 Violine<br \/> Alan Stoupel \u2013 Bratsche<br \/> Friedemann Ludwig \u2013 Violoncello<br \/> Maria Krykov \u2013 Kontrabass<br \/> Vladimir Stoupel \u2013 Klavier<\/p> <p>Zum Jahresauftakt erklingen zwei Meisterwerke von Franz Schubert, die wie kaum andere Lebensfreude, Melancholie und innige Poesie miteinander verbinden.<br \/> Nach Beethovens Opus 97 versank die Gattung des Klaviertrios f\u00fcr nahezu ein Jahrzehnt in eine Art Lethargie \u2013 bis Franz Schubert in seinem Todesjahr 1828 sein Es-Dur-Trio erstmals im Druck ver\u00f6ffentlichte. Entstanden im November 1827, also in der Zeit der Winterreise, erkl\u00e4rt sich daraus der melodische Duktus, die abrupten harmonischen Abgr\u00fcnde und die existenzielle Spannung, die nahezu jeden Takt durchzieht. \u201eWie eine z\u00fcrnende Himmelserscheinung\u201c sei dieses Werk \u00fcber das damalige \u201eMusiktreiben\u201c hinweggegangen, erinnerte sich Robert Schumann noch ein Jahrzehnt sp\u00e4ter. F\u00fcr ihn blieb es zeitlebens Schuberts \u201eeigent\u00fcmlichstes\u201c Werk \u2013 ein Nonplusultra romantischer Kammermusik.<br \/> Im zweiten Teil erklingt das ber\u00fchmte Forellenquintett f\u00fcr Violine, Viola, Violoncello, Kontrabass und Klavier. Es entstand \u201eauf besonderes Ersuchen\u201c des k. und k. Beamten und Amateurcellisten Sylvester Paumgartner, den Schubert 1819 im ober\u00f6sterreichischen Steyr kennengelernt hatte. Paumgartner hatte den Komponisten ausdr\u00fccklich gebeten, Variationen \u00fcber das Lied Die Forelle (1816\/17) in das Werk zu integrieren, da er \u201e\u00fcber das k\u00f6stliche Liedchen ganz entz\u00fcckt\u201c war. Der heitere Grundton des Liedes pr\u00e4gt die Atmosph\u00e4re des gesamten Quintetts: eine unbeschwerte Musizierfreude, getragen von seinem lichten, hellen Klang. Schubert hat Paumgartners Auftrag auf meisterhafte Weise mit einem Werk erf\u00fcllt, das zwischen Volksmusik, Salon und Romantik die Br\u00fccke schl\u00e4gt.<br \/> Ein festlicher Beginn des Konzertjahres und ein musikalisches Neujahrsgeschenk, das Sie nicht verpassen sollten!<br \/> Eintrittskarten zum Preis von 30\u20ac und 20\u20ac (erm\u00e4\u00dfigt) erhalten Sie im Internet<br \/> oder an der Kasse in der Mendelssohn-Remise.<\/p> <p>Impressum: Duo Ingolfsson-Stoupel<br \/> W\u00fcrzburger Str. 2, 10789 Berlin<\/p>","protected":false},"excerpt":{"rendered":"<p>Das erste Konzert des Jahres 2026 in der Mendelssohn-Remise! Das sch\u00f6nste Geschenk f\u00fcr Sie, Ihre Familie und Freunde! DONNERSTAG, 8 JANUAR 2026, 19 UHR.<\/p>\n","protected":false},"author":373,"featured_media":278192,"comment_status":"closed","ping_status":"closed","sticky":false,"template":"","format":"standard","meta":{"footnotes":""},"categories":[1,31],"tags":[],"class_list":["post-278191","post","type-post","status-publish","format-standard","has-post-thumbnail","hentry","category-allgemein-sonstiges","category-musik-tanz-entertainment"],"_links":{"self":[{"href":"https:\/\/www.fachzeitungen.de\/pressemeldungen\/wp-json\/wp\/v2\/posts\/278191","targetHints":{"allow":["GET"]}}],"collection":[{"href":"https:\/\/www.fachzeitungen.de\/pressemeldungen\/wp-json\/wp\/v2\/posts"}],"about":[{"href":"https:\/\/www.fachzeitungen.de\/pressemeldungen\/wp-json\/wp\/v2\/types\/post"}],"author":[{"embeddable":true,"href":"https:\/\/www.fachzeitungen.de\/pressemeldungen\/wp-json\/wp\/v2\/users\/373"}],"replies":[{"embeddable":true,"href":"https:\/\/www.fachzeitungen.de\/pressemeldungen\/wp-json\/wp\/v2\/comments?post=278191"}],"version-history":[{"count":3,"href":"https:\/\/www.fachzeitungen.de\/pressemeldungen\/wp-json\/wp\/v2\/posts\/278191\/revisions"}],"predecessor-version":[{"id":278196,"href":"https:\/\/www.fachzeitungen.de\/pressemeldungen\/wp-json\/wp\/v2\/posts\/278191\/revisions\/278196"}],"wp:featuredmedia":[{"embeddable":true,"href":"https:\/\/www.fachzeitungen.de\/pressemeldungen\/wp-json\/wp\/v2\/media\/278192"}],"wp:attachment":[{"href":"https:\/\/www.fachzeitungen.de\/pressemeldungen\/wp-json\/wp\/v2\/media?parent=278191"}],"wp:term":[{"taxonomy":"category","embeddable":true,"href":"https:\/\/www.fachzeitungen.de\/pressemeldungen\/wp-json\/wp\/v2\/categories?post=278191"},{"taxonomy":"post_tag","embeddable":true,"href":"https:\/\/www.fachzeitungen.de\/pressemeldungen\/wp-json\/wp\/v2\/tags?post=278191"}],"curies":[{"name":"wp","href":"https:\/\/api.w.org\/{rel}","templated":true}]}}