{"id":278197,"date":"2026-01-02T10:45:54","date_gmt":"2026-01-02T09:45:54","guid":{"rendered":"https:\/\/www.fachzeitungen.de\/pressemeldungen\/?p=278197"},"modified":"2026-01-02T10:45:54","modified_gmt":"2026-01-02T09:45:54","slug":"dessau-2026-bauhaus-erleben-am-authentischen-ursprung","status":"publish","type":"post","link":"https:\/\/www.fachzeitungen.de\/pressemeldungen\/dessau-2026-bauhaus-erleben-am-authentischen-ursprung-10278197\/","title":{"rendered":"Dessau 2026: Bauhaus erleben am authentischen Ursprung"},"content":{"rendered":"<p><img loading=\"lazy\" decoding=\"async\" class=\"alignleft wp-image-278198 size-full\" title=\"Informationen, Standorte und Programme rund um Dessau\" src=\"https:\/\/www.fachzeitungen.de\/pressemeldungen\/wp-content\/uploads\/2026\/01\/470267-e1767347053697.jpg\" alt=\"Bauhaus-Geb\u00e4ude in Dessau\" width=\"300\" height=\"169\" \/>Warum Dessau als UNESCO-Standort im Bauhaus-Jubil\u00e4umsjahr 2026 international im Fokus steht<br \/> Dessau als Schl\u00fcsselort des Bauhauses im Jubil\u00e4umsjahr 2026<\/p> <p>Mit Blick auf das Bauhaus-Jubil\u00e4um 2026 r\u00fcckt Dessau erneut in den internationalen Fokus von Architektur-, Design- und Kulturinteressierten. <!--more-->Als Standort der ikonischen Bauhaus-Geb\u00e4ude, der Meisterh\u00e4user und zentraler Werkst\u00e4tten gilt Dessau weltweit als jener Ort, an dem die Bauhaus-Idee ihre architektonische und funktionale Reife erreichte.<\/p> <p>W\u00e4hrend Weimar die geistigen Urspr\u00fcnge des Bauhauses markiert und Berlin f\u00fcr dessen sp\u00e4tere gesellschaftliche Verflechtung steht, ist Dessau der Ort, an dem das Bauhaus als gebautes System sichtbar wurde &#8211; klar, funktional und zukunftsweisend.<\/p> <p>Dessau ist Teil des UNESCO-Weltkulturerbes und beherbergt einige der bedeutendsten Bauhaus-Ensembles weltweit. Die Bauhaus-Geb\u00e4ude und Meisterh\u00e4user gelten bis heute als Referenzpunkte moderner Architektur und ziehen Forschende, Studierende und kulturinteressierte Besucher aus aller Welt an.<\/p> <p>Im Jubil\u00e4umsjahr 2026 wird Dessau damit nicht nur als Reiseziel wahrgenommen, sondern als kultureller Ankerpunkt: ein Ort, an dem sich Geschichte, Gestaltung und Gegenwart unmittelbar verbinden.<\/p> <p>Die Plattform Bauhaus Experience b\u00fcndelt Informationen, Standorte und Programme rund um Dessau und macht bestehende kulturelle Angebote wie Ausstellungen, F\u00fchrungen und Architekturprogramme international zug\u00e4nglich. Ziel ist es, Orientierung zu bieten und den Zugang zum Bauhaus-Standort Dessau inhaltlich zu strukturieren &#8211; ohne institutionellen Anspruch, sondern als vermittelnde Plattform.<\/p> <p>Im Mittelpunkt steht dabei die Frage, wie sich das Bauhaus heute in Dessau erleben l\u00e4sst: nicht isoliert, sondern im Zusammenspiel von Architektur, Stadtraum und Nutzung. Bauhaus Experience tr\u00e4gt dazu bei, diesen Kontext verst\u00e4ndlich darzustellen und international sichtbar zu machen.<\/p> <p>Mit Blick auf Bauhaus 2026 reagiert die Plattform auf die steigende Nachfrage nach fundierten Informationen zu Bauhaus-Orten. Besonders Dessau steht dabei im Zentrum zahlreicher internationaler Suchanfragen und Reiseplanungen.<\/p> <p>Weitere Informationen zum Bauhaus-Standort Dessau und dem Jubil\u00e4umsjahr 2026 finden sich unter:<\/p> <p><a target=\"_blank\" rel=\"nofollow\" href=\"https:\/\/www.bauhaus-experience.com\/de\/dessau\/\"  rel=\"nofollow\">https:\/\/www.bauhaus-experience.com\/de\/dessau\/<\/a><\/p> <p>Bauhaus Experience ist eine internationale Kultur- und Reiseplattform mit Fokus auf das Bauhaus. Sie strukturiert Informationen zu Bauhaus-Standorten, Programmen und kulturellen Angeboten und macht diese f\u00fcr ein internationales Publikum zug\u00e4nglich. Ziel ist es, Bauhaus-Geschichte, Architektur und zeitgen\u00f6ssische Relevanz digital sichtbar und real erlebbar zu machen.<\/p> <p><b>Firmenkontakt<\/b><\/p> <p>BAUHAUS EXPERIENCE<\/p> <p>Marie Weber<\/p> <p>Batenburgstr. 24<\/p> <p>44319 Dortmund<\/p> <p>0231 5349111<\/p> <p><img decoding=\"async\" src=\"https:\/\/pr-gateway.de\/media\/pr\/image\/45465\/email\/firma\/470267.png\" alt=\"8f99bbfd9f67580cfa8cd7ca7b586f9882b396be\" \/><\/p> <p>https:\/\/www.bauhaus-experience.com\/de\/dessau\/<\/p> <p><b>Pressekontakt<\/b><\/p> <p>BAUHAUS EXPERIENCE<\/p> <p>Marie Weber<\/p> <p>Batenburgstr. 24<\/p> <p>44319 Dortmund<\/p> <p>0231 5349111<\/p> <p><img decoding=\"async\" src=\"https:\/\/pr-gateway.de\/media\/pr\/image\/45465\/email\/presse\/470267.png\" alt=\"8f99bbfd9f67580cfa8cd7ca7b586f9882b396be\" \/><\/p> <p><a target=\"_blank\" rel=\"nofollow\" href=\"https:\/\/www.bauhaus-experience.com\/de\/masterpiece-bauhausreise\/\"  target=\"_blank\" rel=\"nofollow noopener\">https:\/\/www.bauhaus-experience.com\/de\/masterpiece-bauhausreise\/<\/a><\/p> <p>Die Bildrechte liegen bei dem Verfasser der Mitteilung.<\/p> <p>URL zum YouTube-Video: http:\/\/www.youtube.com\/watch?v=IpJOnoaJUUM<\/p>","protected":false},"excerpt":{"rendered":"<p>Warum Dessau als UNESCO-Standort im Bauhaus-Jubil\u00e4umsjahr 2026 international im Fokus steht Dessau als Schl\u00fcsselort des Bauhauses im Jubil\u00e4umsjahr 2026 Mit Blick auf das Bauhaus-Jubil\u00e4um 2026 r\u00fcckt Dessau erneut in den internationalen Fokus von Architektur-, Design- und Kulturinteressierten.<\/p>\n","protected":false},"author":1,"featured_media":278198,"comment_status":"closed","ping_status":"closed","sticky":false,"template":"","format":"standard","meta":{"footnotes":""},"categories":[8804],"tags":[],"class_list":["post-278197","post","type-post","status-publish","format-standard","has-post-thumbnail","hentry","category-reisen"],"_links":{"self":[{"href":"https:\/\/www.fachzeitungen.de\/pressemeldungen\/wp-json\/wp\/v2\/posts\/278197","targetHints":{"allow":["GET"]}}],"collection":[{"href":"https:\/\/www.fachzeitungen.de\/pressemeldungen\/wp-json\/wp\/v2\/posts"}],"about":[{"href":"https:\/\/www.fachzeitungen.de\/pressemeldungen\/wp-json\/wp\/v2\/types\/post"}],"author":[{"embeddable":true,"href":"https:\/\/www.fachzeitungen.de\/pressemeldungen\/wp-json\/wp\/v2\/users\/1"}],"replies":[{"embeddable":true,"href":"https:\/\/www.fachzeitungen.de\/pressemeldungen\/wp-json\/wp\/v2\/comments?post=278197"}],"version-history":[{"count":1,"href":"https:\/\/www.fachzeitungen.de\/pressemeldungen\/wp-json\/wp\/v2\/posts\/278197\/revisions"}],"predecessor-version":[{"id":278199,"href":"https:\/\/www.fachzeitungen.de\/pressemeldungen\/wp-json\/wp\/v2\/posts\/278197\/revisions\/278199"}],"wp:featuredmedia":[{"embeddable":true,"href":"https:\/\/www.fachzeitungen.de\/pressemeldungen\/wp-json\/wp\/v2\/media\/278198"}],"wp:attachment":[{"href":"https:\/\/www.fachzeitungen.de\/pressemeldungen\/wp-json\/wp\/v2\/media?parent=278197"}],"wp:term":[{"taxonomy":"category","embeddable":true,"href":"https:\/\/www.fachzeitungen.de\/pressemeldungen\/wp-json\/wp\/v2\/categories?post=278197"},{"taxonomy":"post_tag","embeddable":true,"href":"https:\/\/www.fachzeitungen.de\/pressemeldungen\/wp-json\/wp\/v2\/tags?post=278197"}],"curies":[{"name":"wp","href":"https:\/\/api.w.org\/{rel}","templated":true}]}}