{"id":278413,"date":"2026-03-13T12:06:05","date_gmt":"2026-03-13T11:06:05","guid":{"rendered":"https:\/\/www.fachzeitungen.de\/pressemeldungen\/?p=278413"},"modified":"2026-03-13T12:06:05","modified_gmt":"2026-03-13T11:06:05","slug":"wie-epigenetik-unsere-zahngesundheit-beeinflusst","status":"publish","type":"post","link":"https:\/\/www.fachzeitungen.de\/pressemeldungen\/wie-epigenetik-unsere-zahngesundheit-beeinflusst-10278413\/","title":{"rendered":"Wie Epigenetik unsere Zahngesundheit beeinflusst"},"content":{"rendered":"<p><img loading=\"lazy\" decoding=\"async\" class=\"alignleft wp-image-278414 size-full\" title=\"Biologische Zahnheilkunde und Umweltzahnmedizin f\u00fcr die ganze Familie\" src=\"https:\/\/www.fachzeitungen.de\/pressemeldungen\/wp-content\/uploads\/2026\/03\/472688-e1773399841896.jpg\" alt=\"Portrait Christina Wei\u00df\" width=\"258\" height=\"300\" \/>Warum Gene allein nicht \u00fcber Entz\u00fcndungen, Regeneration und Mundgesundheit entscheiden<\/p> <p>Die moderne Zahnmedizin entwickelt sich zunehmend von einer rein lokalen Betrachtung einzelner Z\u00e4hne hin zu einem systemischen Verst\u00e4ndnis von Gesundheit. Erkenntnisse aus der Epigenetik zeigen, dass Gene zwar eine Grundlage bilden, ihre Aktivit\u00e4t jedoch stark durch Umweltfaktoren beeinflusst wird. Ern\u00e4hrung, Entz\u00fcndungsprozesse, Mikrobiom und Umweltbelastungen k\u00f6nnen mitbestimmen, wie sich Erkrankungen im Mundraum entwickeln.<!--more--><\/p> <p><a target=\"_blank\" rel=\"nofollow\" href=\"https:\/\/beone.dental\/blog\"  rel=\"nofollow\">Gene und Umwelt wirken zusammen<\/a><\/p> <p>Epigenetik beschreibt Prozesse, die steuern, welche Gene aktiv sind und welche nicht. Diese Regulation erfolgt ohne Ver\u00e4nderung der DNA selbst und wird unter anderem durch Lebensstil, Umweltfaktoren oder chronische Entz\u00fcndungen beeinflusst.<\/p> <p>F\u00fcr die Zahnmedizin ist diese Perspektive besonders relevant, da Erkrankungen wie Parodontitis oder chronische Entz\u00fcndungsprozesse im Kiefer selten nur eine lokale Ursache haben. Vielmehr stehen sie h\u00e4ufig im Zusammenhang mit immunologischen Reaktionen, Stoffwechselprozessen oder systemischen Belastungen.<\/p> <p><a target=\"_blank\" rel=\"nofollow\" href=\"https:\/\/beone.dental\/entzuendungen-im-kieferknochen-symptome\/\"  rel=\"nofollow\">Chronische Entz\u00fcndungen als zentraler Faktor<\/a><\/p> <p>Viele Erkrankungen im Mundraum sind eng mit entz\u00fcndlichen Prozessen verbunden. Epigenetische Mechanismen k\u00f6nnen beeinflussen, wie stark das Immunsystem auf bakterielle Belastungen reagiert und wie effektiv Gewebe regeneriert.<\/p> <p>Dabei spielen mehrere Faktoren zusammen:<\/p> <p>&#8211; das orale Mikrobiom<br \/> &#8211; Immunreaktionen des K\u00f6rpers<br \/> &#8211; systemische Einfl\u00fcsse wie Ern\u00e4hrung oder Stoffwechsel<br \/> &#8211; m\u00f6gliche Umweltbelastungen<\/p> <p>Diese Zusammenh\u00e4nge verdeutlichen, dass Mundgesundheit nicht isoliert betrachtet werden kann, sondern Teil eines komplexen biologischen Systems ist.<\/p> <p><a target=\"_blank\" rel=\"nofollow\" href=\"https:\/\/beone.dental\/was-ist-dentosophie\/\"  rel=\"nofollow\">Das Mikrobiom als Schl\u00fcssel zur Mundgesundheit<\/a><\/p> <p>Die Mundh\u00f6hle geh\u00f6rt zu den komplexesten mikrobiellen \u00d6kosystemen des menschlichen K\u00f6rpers. Mehr als 700 bakterielle Spezies bilden ein dynamisches Gleichgewicht, das f\u00fcr die Stabilit\u00e4t der Mundgesundheit entscheidend ist.<\/p> <p>Ger\u00e4t dieses Gleichgewicht aus der Balance, k\u00f6nnen entz\u00fcndliche Prozesse entstehen, die nicht nur lokale Erkrankungen wie Parodontitis beg\u00fcnstigen, sondern auch systemische Auswirkungen haben k\u00f6nnen.<\/p> <p><a target=\"_blank\" rel=\"nofollow\" href=\"https:\/\/beone.dental\/biologischer-zahnarzt\/\"  rel=\"nofollow\">Konsequenzen f\u00fcr die Zahnmedizin<\/a><\/p> <p>Die Erkenntnisse aus Epigenetik und Mikrobiomforschung f\u00fchren zu einer erweiterten Betrachtung der Mundgesundheit. Neben der Behandlung einzelner Z\u00e4hne r\u00fccken zunehmend folgende Aspekte in den Fokus:<\/p> <p>&#8211; Stabilisierung des mikrobiellen Gleichgewichts<br \/> &#8211; Reduktion chronischer Entz\u00fcndungsprozesse<br \/> &#8211; Ber\u00fccksichtigung systemischer Faktoren<br \/> &#8211; sorgf\u00e4ltige Auswahl biologisch vertr\u00e4glicher Materialien<\/p> <p>Ziel ist es, den Mund als Teil eines \u00fcbergeordneten biologischen Systems zu verstehen.<\/p> <p><a target=\"_blank\" rel=\"nofollow\" href=\"https:\/\/beone.dental\/biologischer-zahnarzt\/\"  rel=\"nofollow\">Einfluss auf Zahngesundheit<\/a><\/p> <p>Epigenetische Erkenntnisse verdeutlichen, dass Zahngesundheit von weit mehr Faktoren beeinflusst wird als von der genetischen Veranlagung allein. Umweltfaktoren, Mikrobiom, Immunsystem und Stoffwechsel stehen in enger Wechselwirkung.<\/p> <p>F\u00fcr die Zahnmedizin bedeutet dies eine zunehmend systemische Perspektive: Mundgesundheit wird nicht isoliert betrachtet, sondern als Bestandteil der Gesamtgesundheit des Menschen.<\/p> <p>Biologische Zahnheilkunde und Umweltzahnmedizin f\u00fcr die ganze Familie<\/p> <p><b>Firmenkontakt<\/b><\/p> <p>beOne dental Dr. Wei\u00df<\/p> <p>Christina Wei\u00df<\/p> <p>Sebastianstra\u00dfe 2<\/p> <p>92637 Weiden in der Oberpfalz<\/p> <p>0961 32270<\/p> <p><img decoding=\"async\" src=\"https:\/\/pr-gateway.de\/media\/pr\/image\/39635\/email\/firma\/472688.png\" alt=\"f3ff761d31671391caafb7052c6e37ea24ed1b78\" \/><\/p> <p><a target=\"_blank\" rel=\"nofollow\" href=\"https:\/\/beone.dental\/\"  target=\"_blank\" rel=\"nofollow noopener\">https:\/\/beone.dental\/<\/a><\/p> <p><b>Pressekontakt<\/b><\/p> <p>PR Profis<\/p> <p>Matthius Hanna<\/p> <p>Friedrichstr. 155<\/p> <p>10117 Berlin<\/p> <p>030 \u2013 2239 9527 22<\/p> <p><img decoding=\"async\" src=\"https:\/\/pr-gateway.de\/media\/pr\/image\/39635\/email\/presse\/472688.png\" alt=\"f3ff761d31671391caafb7052c6e37ea24ed1b78\" \/><\/p> <blockquote class=\"wp-embedded-content\" data-secret=\"SqImNNnlp1\"><p><a target=\"_blank\" rel=\"nofollow\" href=\"https:\/\/pr-profis.eu\/\"  >PR Profis\u00ae \u2013 Die Agentur f\u00fcr Medienpr\u00e4senz &#038; Kundenvertrauen<\/a><\/p><\/blockquote> <p><iframe loading=\"lazy\" class=\"wp-embedded-content\" sandbox=\"allow-scripts\" security=\"restricted\" style=\"position: absolute; visibility: hidden;\" title=\"&#8220;PR Profis\u00ae \u2013 Die Agentur f\u00fcr Medienpr\u00e4senz &#038; Kundenvertrauen&#8221; &#8212; PR Profis\u00ae\" src=\"https:\/\/pr-profis.eu\/embed\/#?secret=f18HmjuMb3#?secret=SqImNNnlp1\" data-secret=\"SqImNNnlp1\" width=\"600\" height=\"338\" frameborder=\"0\" marginwidth=\"0\" marginheight=\"0\" scrolling=\"no\"><\/iframe><\/p> <p>Die Bildrechte liegen bei dem Verfasser der Mitteilung.<\/p> <p>URL zum YouTube-Video: http:\/\/www.youtube.com\/watch?v=zjEJ2Hae0Wk<\/p>","protected":false},"excerpt":{"rendered":"<p>Warum Gene allein nicht \u00fcber Entz\u00fcndungen, Regeneration und Mundgesundheit entscheiden Die moderne Zahnmedizin entwickelt sich zunehmend von einer rein lokalen Betrachtung einzelner Z\u00e4hne hin zu einem systemischen Verst\u00e4ndnis von Gesundheit. Erkenntnisse aus der Epigenetik zeigen, dass Gene zwar eine Grundlage bilden, ihre Aktivit\u00e4t jedoch stark durch Umweltfaktoren beeinflusst wird. Ern\u00e4hrung, Entz\u00fcndungsprozesse, Mikrobiom und Umweltbelastungen k\u00f6nnen<\/p>\n","protected":false},"author":1,"featured_media":278414,"comment_status":"closed","ping_status":"closed","sticky":false,"template":"","format":"standard","meta":{"footnotes":""},"categories":[29],"tags":[],"class_list":["post-278413","post","type-post","status-publish","format-standard","has-post-thumbnail","hentry","category-medizin-gesundheit-pflege-soziales"],"_links":{"self":[{"href":"https:\/\/www.fachzeitungen.de\/pressemeldungen\/wp-json\/wp\/v2\/posts\/278413","targetHints":{"allow":["GET"]}}],"collection":[{"href":"https:\/\/www.fachzeitungen.de\/pressemeldungen\/wp-json\/wp\/v2\/posts"}],"about":[{"href":"https:\/\/www.fachzeitungen.de\/pressemeldungen\/wp-json\/wp\/v2\/types\/post"}],"author":[{"embeddable":true,"href":"https:\/\/www.fachzeitungen.de\/pressemeldungen\/wp-json\/wp\/v2\/users\/1"}],"replies":[{"embeddable":true,"href":"https:\/\/www.fachzeitungen.de\/pressemeldungen\/wp-json\/wp\/v2\/comments?post=278413"}],"version-history":[{"count":1,"href":"https:\/\/www.fachzeitungen.de\/pressemeldungen\/wp-json\/wp\/v2\/posts\/278413\/revisions"}],"predecessor-version":[{"id":278415,"href":"https:\/\/www.fachzeitungen.de\/pressemeldungen\/wp-json\/wp\/v2\/posts\/278413\/revisions\/278415"}],"wp:featuredmedia":[{"embeddable":true,"href":"https:\/\/www.fachzeitungen.de\/pressemeldungen\/wp-json\/wp\/v2\/media\/278414"}],"wp:attachment":[{"href":"https:\/\/www.fachzeitungen.de\/pressemeldungen\/wp-json\/wp\/v2\/media?parent=278413"}],"wp:term":[{"taxonomy":"category","embeddable":true,"href":"https:\/\/www.fachzeitungen.de\/pressemeldungen\/wp-json\/wp\/v2\/categories?post=278413"},{"taxonomy":"post_tag","embeddable":true,"href":"https:\/\/www.fachzeitungen.de\/pressemeldungen\/wp-json\/wp\/v2\/tags?post=278413"}],"curies":[{"name":"wp","href":"https:\/\/api.w.org\/{rel}","templated":true}]}}