{"id":278419,"date":"2026-03-13T12:15:00","date_gmt":"2026-03-13T11:15:00","guid":{"rendered":"https:\/\/www.fachzeitungen.de\/pressemeldungen\/?p=278419"},"modified":"2026-03-20T10:50:59","modified_gmt":"2026-03-20T09:50:59","slug":"deutschland-so-blass-roger-koenig-ueber-strukturverlust-und-reformbedarf","status":"publish","type":"post","link":"https:\/\/www.fachzeitungen.de\/pressemeldungen\/deutschland-so-blass-roger-koenig-ueber-strukturverlust-und-reformbedarf-10278419\/","title":{"rendered":"Deutschland so blass? Roger K\u00f6nig \u00fcber Strukturverlust und Reformbedarf"},"content":{"rendered":"<p><img loading=\"lazy\" decoding=\"async\" class=\"alignleft wp-image-278420 size-full\" title=\"wie Ignoranz und politische Arroganz Deutschland in die Knie zwingen\" src=\"https:\/\/www.fachzeitungen.de\/pressemeldungen\/wp-content\/uploads\/2026\/03\/472671-e1773400422568.jpg\" alt=\"Roger K\u00f6nig mit seinem Buch\" width=\"300\" height=\"300\" \/>Interview: Roger K\u00f6nig \u00fcber Strukturverlust und Reformbedarf<\/p> <p>Frage 1<\/p> <p>Herr K\u00f6nig, warum ist Deutschland Ihrer Meinung nach &#8222;so blass&#8220; geworden &#8211; und wann hat dieser Prozess begonnen?<!--more--><\/p> <p>In den vergangenen zwei Jahrzehnten haben politische Entscheidungen und gesellschaftliche Entwicklungen dazu beigetragen, dass Deutschland an Strahlkraft verloren hat. Besonders die Fl\u00fcchtlingskrise 2015 und die politische F\u00fchrung in dieser Phase haben zu einer starken Polarisierung gef\u00fchrt. Nationalistische und populistische Bewegungen gewannen an Einfluss. Dadurch entstand bei vielen der Eindruck, Deutschland sei nicht mehr das progressive, offene Land, als das es lange galt.<br \/> Hinzu kamen europ\u00e4ische Krisen &#8211; etwa die Finanzkrise 2008 und die Euro-Krise -, die Deutschlands Rolle innerhalb der EU neu definierten. Die einst selbstverst\u00e4ndliche F\u00fchrungsrolle wurde zunehmend hinterfragt.<br \/> Parallel dazu hat sich die Gesellschaft sp\u00fcrbar polarisiert. Themen wie Migration, Integration und Identit\u00e4t f\u00fchrten zu Spannungen. Viele Menschen empfinden kulturelle Verunsicherung. Gleichzeitig zeigen Studien einen R\u00fcckgang des Vertrauens in politische Institutionen und Medien. Eine Gesellschaft, die in ihren Werten und ihrer Identit\u00e4t unsicher wird, wirkt nach au\u00dfen weniger selbstbewusst &#8211; und genau das meine ich mit &#8222;Bl\u00e4sse&#8220;.<\/p> <p>Frage 2<\/p> <p>Sie sprechen von politischer Arroganz und gesellschaftlicher Ignoranz. Wo sehen Sie die konkretesten Vers\u00e4umnisse der letzten Jahre?<\/p> <p>Ein zentrales Problem ist die wachsende Distanz zwischen politischer Elite und Bev\u00f6lkerung. Entscheidungen werden h\u00e4ufig als technokratisch und wenig dialogorientiert wahrgenommen. Das erzeugt ein Gef\u00fchl politischer Ohnmacht.<br \/> Zudem hat sich die soziale Schere weiter ge\u00f6ffnet. Themen wie Wohnungsnot, Bildungsgerechtigkeit oder Gesundheitsversorgung wurden nicht mit der notwendigen Konsequenz strukturell angegangen. Kurzfristige Ma\u00dfnahmen ersetzten oft langfristige Reformstrategien.<br \/> Gesellschaftlich beobachten wir eine Erosion der Debattenkultur. Fake News, Verschw\u00f6rungstheorien und eine sinkende Bereitschaft zur differenzierten Auseinandersetzung erschweren eine fundierte \u00f6ffentliche Meinungsbildung. Demokratie lebt jedoch von informierten B\u00fcrgern.<\/p> <p>Frage 3<\/p> <p>War es ein schleichender Strukturverlust &#8211; oder gab es politische Wendepunkte?<\/p> <p>Beides. Es gab einen schleichenden Strukturverlust &#8211; etwa durch demografische Entwicklungen, Globalisierung und zunehmende Komplexit\u00e4t politischer Entscheidungsprozesse.<br \/> Gleichzeitig existierten pr\u00e4gende Wendepunkte: die Finanzkrise 2008, die Fl\u00fcchtlingskrise 2015 und verschiedene politische Vertrauenskrisen. In diesen Momenten w\u00e4re eine st\u00e4rkere Transparenz und fr\u00fchzeitige B\u00fcrgerbeteiligung entscheidend gewesen.<br \/> Vertrauensverlust entsteht selten abrupt. Er ist meist das Ergebnis vieler kleiner Irritationen. In einer komplexen Welt w\u00e4chst das Gef\u00fchl des Kontrollverlustes &#8211; und damit die Anf\u00e4lligkeit f\u00fcr einfache populistische L\u00f6sungen.<\/p> <p>Frage 4<\/p> <p>Welche Rolle spielen Medien und Debattenkultur?<\/p> <p>Die Debattenkultur ist emotionaler und polarisierter geworden. Soziale Medien verst\u00e4rken Extreme durch algorithmische Filterblasen.<br \/> Einerseits erm\u00f6glichen sie Partizipation, andererseits f\u00f6rdern sie Zuspitzung und Echokammern. Unabh\u00e4ngige Medien stehen gleichzeitig unter wirtschaftlichem Druck und politischer Kritik.<br \/> Eine funktionierende Demokratie braucht jedoch respektvolle Diskurse, Medienvielfalt und die F\u00e4higkeit, unterschiedliche Perspektiven auszuhalten.<\/p> <p>Frage 5<\/p> <p>Ist die wirtschaftliche Unsicherheit real &#8211; oder psychologisch verst\u00e4rkt?<\/p> <p>Sie ist beides.<br \/> Steigende Lebenshaltungskosten, Energiepreise und Wohnraummangel sind reale Belastungen. Gleichzeitig verst\u00e4rken mediale Dauerkrisenberichterstattung und globale Unsicherheiten das subjektive Unsicherheitsgef\u00fchl.<br \/> \u00d6konomische Daten und individuelle Wahrnehmung klaffen h\u00e4ufig auseinander. Entscheidend ist: Politische Stabilit\u00e4t entsteht nicht allein durch Zahlen, sondern durch das Gef\u00fchl von Sicherheit und Planbarkeit.<\/p> <p>Frage 6<\/p> <p>Wo steht Deutschland international?<\/p> <p>Deutschland verf\u00fcgt weiterhin \u00fcber eine starke industrielle Basis &#8211; insbesondere im Maschinenbau, in der Automobilindustrie und Chemie.<br \/> Defizite bestehen jedoch in der digitalen Infrastruktur und Geschwindigkeit der Transformation. L\u00e4nder wie Estland oder die skandinavischen Staaten sind in Verwaltungsdigitalisierung und Innovationskultur deutlich agiler.<br \/> Auch Bildungssysteme wie in Singapur oder Kanada integrieren digitale Kompetenzen fr\u00fcher und konsequenter. Deutschland muss hier strukturell nachjustieren, um langfristig wettbewerbsf\u00e4hig zu bleiben.<\/p> <p>Frage 7<\/p> <p>Welche Reformen sind realistisch &#8211; welche zwingend notwendig?<\/p> <p>Kurzfristig:<\/p> <p>Investitionen in digitale Infrastruktur<br \/> Modernisierung des Bildungswesens<\/p> <p>Langfristig:<\/p> <p>Nachhaltige Steuerreform zur Innovationsf\u00f6rderung<br \/> Reform von Renten- und Gesundheitssystem<br \/> Klimaschutz als wirtschaftliche Chance denken<br \/> Wir brauchen pragmatisches Handeln im Hier und jetzt &#8211; kombiniert mit einer klaren Zukunftsvision.<\/p> <p>Frage 8<\/p> <p>Ist Ihr Buch zu pessimistisch?<\/p> <p>Ich verstehe mein Buch nicht als Pessimismus, sondern als Weckruf. Schonungslose Analyse ist kein Selbstzweck &#8211; sie soll zur Auseinandersetzung anregen.<br \/> Wenn ich Deutschland als Land im Sturm beschreibe, dann nicht, um Resignation zu f\u00f6rdern, sondern um Dringlichkeit zu verdeutlichen. Ver\u00e4nderung beginnt mit Ehrlichkeit.<br \/> Vielleicht ist gerade der vermeintliche Pessimismus der notwendige Impuls, um neue Energie freizusetzen.<\/p> <p>Frage 9<\/p> <p>Welche Verantwortung tragen Unternehmer, Mittelstand und junge Generation?<\/p> <p>Unternehmen tragen gesellschaftliche Verantwortung:<br \/> Nachhaltiges Wirtschaften<br \/> Faire L\u00f6hne und Ausbildungsangebote<br \/> Investitionen in Innovation<br \/> Der Mittelstand st\u00e4rkt regionale Strukturen und Ausbildungsqualit\u00e4t.<\/p> <p>Die junge Generation bringt neue Perspektiven, digitale Kompetenz und ein starkes Bewusstsein f\u00fcr Nachhaltigkeit mit. Engagement, Weiterbildung und verantwortungsvolles Unternehmertum sind zentrale Faktoren f\u00fcr die Zukunftsf\u00e4higkeit Deutschlands.<\/p> <p>Frage 10<\/p> <p>Welche drei Ma\u00dfnahmen w\u00fcrden Sie sofort einfordern?<\/p> <p>Massive Investitionen in Bildung und Digitalisierung<br \/> Klimaschutz in Verbindung mit wirtschaftlicher Stabilit\u00e4t<br \/> St\u00e4rkung sozialer Gerechtigkeit und Chancengleichheit<br \/> Nur durch eine Kombination aus Innovationskraft, Nachhaltigkeit und sozialem Zusammenhalt kann Deutschland wieder an Strahlkraft gewinnen.<\/p> <p>Roger K\u00f6nig<\/p> <p>Roger K\u00f6nig ist Unternehmer, Autor und strategischer Denker mit langj\u00e4hriger Erfahrung in Wirtschaft und gesellschaftspolitischer Analyse. In seinen B\u00fcchern verbindet er pers\u00f6nliche Entwicklung mit wirtschaftlicher und politischer Zukunftsbetrachtung.<\/p> <p>Roger K\u00f6nig lebt und arbeitet in Baden-W\u00fcrttemberg und geh\u00f6rt zu den Autoren, die gesellschaftliche und wirtschaftliche Entwicklungen mit regionaler Verwurzelung betrachten.<\/p> <p>Mit seinem Buch &#8222;Traumleben &#8211; Entfessele dich&#8220; setzt er Impulse f\u00fcr pers\u00f6nliche Verantwortung, mentale St\u00e4rke und unternehmerisches Denken. Der Fokus liegt auf Selbstbestimmung und individueller Potenzialentfaltung.<\/p> <p>In seinem aktuellen Werk &#8220; Deutschland so blass?&#8220; analysiert er die strukturellen Herausforderungen Deutschlands &#8211; von Wettbewerbsf\u00e4higkeit und Digitalisierung bis hin zu gesellschaftlichem Zusammenhalt. Dabei verbindet er wirtschaftliche Expertise mit politischer Analyse und konkreten Reformvorschl\u00e4gen.<\/p> <p>Als Unternehmer und Autor engagiert sich Roger K\u00f6nig f\u00fcr einen konstruktiven Dialog zwischen Wirtschaft, Politik und Gesellschaft &#8211; mit besonderem Blick auf die Zukunftsf\u00e4higkeit der Regionen in Baden-W\u00fcrttemberg.<\/p> <p>JANE UHLIG ist Medien- und Presseb\u00fcro f\u00fcr Berichterstattung und bietet aktuelle Nachrichten \u00fcber Unternehmen, Gesellschaft, Projekte, Mode, Events, Prominente und Lifestyle. <a target=\"_blank\" rel=\"nofollow\" href=\"http:\/\/www.janes-magazin.de\"  rel=\"nofollow\">www.janes-magazin.de<\/a><\/p> <p><b>Kontakt<\/b><\/p> <p>Jane Uhlig Medienb\u00fcro f\u00fcr Lifestyle-Berichterstattung<\/p> <p>Jane Uhlig<\/p> <p>Heinrich-Sorg-Str. 6<\/p> <p>63477 Maintal<\/p> <p>0151-11623025<\/p> <p><img decoding=\"async\" src=\"https:\/\/pr-gateway.de\/media\/pr\/image\/38122\/email\/presse\/472671.png\" alt=\"500d164266b217b2c5e0f580eb3e3f65d2146da8\" \/><\/p> <p>https:\/\/janes-magazin.de\/<\/p> <p>Die Bildrechte liegen bei dem Verfasser der Mitteilung.<\/p>","protected":false},"excerpt":{"rendered":"<p>Interview: Roger K\u00f6nig \u00fcber Strukturverlust und Reformbedarf Frage 1 Herr K\u00f6nig, warum ist Deutschland Ihrer Meinung nach &#8222;so blass&#8220; geworden &#8211; und wann hat dieser Prozess begonnen?<\/p>\n","protected":false},"author":1,"featured_media":278420,"comment_status":"closed","ping_status":"closed","sticky":false,"template":"","format":"standard","meta":{"footnotes":""},"categories":[32],"tags":[],"class_list":["post-278419","post","type-post","status-publish","format-standard","has-post-thumbnail","hentry","category-politik-gesellschaft"],"_links":{"self":[{"href":"https:\/\/www.fachzeitungen.de\/pressemeldungen\/wp-json\/wp\/v2\/posts\/278419","targetHints":{"allow":["GET"]}}],"collection":[{"href":"https:\/\/www.fachzeitungen.de\/pressemeldungen\/wp-json\/wp\/v2\/posts"}],"about":[{"href":"https:\/\/www.fachzeitungen.de\/pressemeldungen\/wp-json\/wp\/v2\/types\/post"}],"author":[{"embeddable":true,"href":"https:\/\/www.fachzeitungen.de\/pressemeldungen\/wp-json\/wp\/v2\/users\/1"}],"replies":[{"embeddable":true,"href":"https:\/\/www.fachzeitungen.de\/pressemeldungen\/wp-json\/wp\/v2\/comments?post=278419"}],"version-history":[{"count":2,"href":"https:\/\/www.fachzeitungen.de\/pressemeldungen\/wp-json\/wp\/v2\/posts\/278419\/revisions"}],"predecessor-version":[{"id":278427,"href":"https:\/\/www.fachzeitungen.de\/pressemeldungen\/wp-json\/wp\/v2\/posts\/278419\/revisions\/278427"}],"wp:featuredmedia":[{"embeddable":true,"href":"https:\/\/www.fachzeitungen.de\/pressemeldungen\/wp-json\/wp\/v2\/media\/278420"}],"wp:attachment":[{"href":"https:\/\/www.fachzeitungen.de\/pressemeldungen\/wp-json\/wp\/v2\/media?parent=278419"}],"wp:term":[{"taxonomy":"category","embeddable":true,"href":"https:\/\/www.fachzeitungen.de\/pressemeldungen\/wp-json\/wp\/v2\/categories?post=278419"},{"taxonomy":"post_tag","embeddable":true,"href":"https:\/\/www.fachzeitungen.de\/pressemeldungen\/wp-json\/wp\/v2\/tags?post=278419"}],"curies":[{"name":"wp","href":"https:\/\/api.w.org\/{rel}","templated":true}]}}