{"id":278782,"date":"2026-09-04T10:30:32","date_gmt":"2026-09-04T09:30:32","guid":{"rendered":"https:\/\/www.fachzeitungen.de\/pressemeldungen\/?p=278782"},"modified":"2026-09-04T10:30:57","modified_gmt":"2026-09-04T09:30:57","slug":"kunstpunkte-wochenende-offenes-gutshaus-am-rhein-zeigt-zeitgenoessische-kunst-und-werke-von-franz-vornberger","status":"publish","type":"post","link":"https:\/\/www.fachzeitungen.de\/pressemeldungen\/kunstpunkte-wochenende-offenes-gutshaus-am-rhein-zeigt-zeitgenoessische-kunst-und-werke-von-franz-vornberger-10278782\/","title":{"rendered":"Kunstpunkte-Wochenende: Offenes Gutshaus am Rhein zeigt zeitgen\u00f6ssische Kunst und Werke von Franz Vornberger"},"content":{"rendered":"<p><img loading=\"lazy\" decoding=\"async\" class=\"alignleft wp-image-278783 size-full\" title=\"Kunst im Gutshaus\" src=\"https:\/\/www.fachzeitungen.de\/pressemeldungen\/wp-content\/uploads\/2026\/09\/gutshaus-am-rhein-aussen-foto-sunny-rollsdorf-small-e1788514166142.jpeg\" alt=\"das Gutshaus am Rhein\" width=\"300\" height=\"225\" \/>D\u00fcsseldorf, September 2026 \u2013 Am Sonntag, dem 20. September 2026, \u00f6ffnet das Gutshaus am Rhein in D\u00fcsseldorf-Wittlaer an der Grenze zu Kaiserswerth von 13:00 bis 17:00 Uhr seine T\u00fcren f\u00fcr die Veranstaltung \u201eAUFTAKT OFFENES GUTSHAUS\u201c. Parallel zum D\u00fcsseldorfer Kunstpunkte-Wochenende werden dort Arbeiten von vier K\u00fcnstlerinnen der Online-Galerie ARTSPACER sowie ausgew\u00e4hlte Werke aus dem Nachlass des N\u00fcrnberger K\u00fcnstlers Franz Vornberger (1919\u20132008) gezeigt.<!--more--><\/p> <p>Die Ausstellung verbindet zeitgen\u00f6ssische Positionen mit Werken der Nachkriegs-Moderne. Beteiligt sind die K\u00fcnstlerinnen Federica, Sandra Conrad, Sigrid Bautze-Klinder und Susann Versteegen sowie Franz Vornberger mit Werken aus seinem Nachlass.<\/p> <p>Zeitgen\u00f6ssische Kunst und Nachlasswerke<br \/> Die Ausstellung ist in den Apartments des Gutshauses zu sehen. Gezeigt werden ausgew\u00e4hlte Arbeiten aus dem Nachlass von Franz Vornberger, der mit dem Bundesverdienstkreuz ausgezeichnet wurde und zu den K\u00fcnstlern der deutschen Nachkriegs-Moderne z\u00e4hlt.<\/p> <p>Die Arbeiten Vornbergers werden den zeitgen\u00f6ssischen Werken der vier ARTSPACER-K\u00fcnstlerinnen gegen\u00fcbergestellt. F\u00fcr die beteiligten K\u00fcnstler:innen ist es die erste gemeinsame Pr\u00e4sentation an diesem Ort.<br \/> Die Ausstellung in den Apartments ist von September 2026 bis Februar 2027 zu sehen.<br \/> \u201eKunst braucht au\u00dfergew\u00f6hnliche Orte, um lebendig zu werden. In unseren Art Apartments verschmelzen Reisen, stilvolles Wohnen und Kultur zu einer Einheit\u201c, erkl\u00e4rt Eigent\u00fcmerin Sunny Rollsdorf. \u201eDas historische Gutshaus ist der perfekte Ort, um das Verm\u00e4chtnis von Franz Vornberger mit der frischen Energie junger Gegenwartskunst zu verbinden.\u201c<\/p> <p>Offenes Haus zum Kunstpunkte-Wochenende<br \/> Die Veranstaltung am 20. September findet im Format eines Open House statt. Besucher k\u00f6nnen die ausgestellten Arbeiten w\u00e4hrend des Rundgangs durch die Apartments ansehen und mit den anwesenden K\u00fcnstlerinnen ins Gespr\u00e4ch kommen. Der benachbarte Weinhof Wittlaer bietet w\u00e4hrend der Veranstaltung Getr\u00e4nke auf Selbstzahlerbasis an.<\/p> <p>Eckdaten zur Veranstaltung<br \/> \u2022 Veranstaltung: AUFTAKT OFFENES GUTSHAUS<br \/> \u2022 Datum: Sonntag, 20. September 2026<br \/> \u2022 Uhrzeit: 13:00 bis 17:00 Uhr<br \/> \u2022 Laufzeit der Ausstellung: September 2026 bis Februar 2027<br \/> \u2022 Ort: Gutshaus am Rhein, Duisburger Landstra\u00dfe 37, 40489 D\u00fcsseldorf<br \/> \u2022 Eintritt: frei<br \/> \u2022 Beteiligte ARTSPACER-K\u00fcnstler:innen: Franz Vornberger (Nachlass), Federica, Sandra Conrad, Sigrid Bautze-Klinder, Susann Versteegen<br \/> \u2022 Getr\u00e4nke: Weinhof Wittlaer, Selbstzahler<\/p> <p>\u00dcber ARTSPACER<br \/> ARTSPACER ist eine kuratierte Online-Galerie f\u00fcr zeitgen\u00f6ssische Kunst. Die Plattform pr\u00e4sentiert K\u00fcnstler:innen und ihre Werke digital und schafft M\u00f6glichkeiten f\u00fcr Ausstellungen und Veranstaltungen im realen Raum.<\/p> <p>Pressekontakt<br \/> Gabriele Springer<br \/> Gesch\u00e4ftsf\u00fchrerin ARTSPACER<br \/> +49 156 79772923<br \/> kontakt@artspacer.de<br \/> <a target=\"_blank\" rel=\"nofollow\" href=\"https:\/\/artspacer.de\/\"  >artspacer.de<\/a><\/p>","protected":false},"excerpt":{"rendered":"<p>D\u00fcsseldorf, September 2026 \u2013 Am Sonntag, dem 20. September 2026, \u00f6ffnet das Gutshaus am Rhein in D\u00fcsseldorf-Wittlaer an der Grenze zu Kaiserswerth von 13:00 bis 17:00 Uhr seine T\u00fcren f\u00fcr die Veranstaltung \u201eAUFTAKT OFFENES GUTSHAUS\u201c. Parallel zum D\u00fcsseldorfer Kunstpunkte-Wochenende werden dort Arbeiten von vier K\u00fcnstlerinnen der Online-Galerie ARTSPACER sowie ausgew\u00e4hlte Werke aus dem Nachlass des<\/p>\n","protected":false},"author":373,"featured_media":278783,"comment_status":"closed","ping_status":"closed","sticky":false,"template":"","format":"standard","meta":{"footnotes":""},"categories":[26],"tags":[],"class_list":["post-278782","post","type-post","status-publish","format-standard","has-post-thumbnail","hentry","category-kunst-kultur-literatur-theater"],"_links":{"self":[{"href":"https:\/\/www.fachzeitungen.de\/pressemeldungen\/wp-json\/wp\/v2\/posts\/278782","targetHints":{"allow":["GET"]}}],"collection":[{"href":"https:\/\/www.fachzeitungen.de\/pressemeldungen\/wp-json\/wp\/v2\/posts"}],"about":[{"href":"https:\/\/www.fachzeitungen.de\/pressemeldungen\/wp-json\/wp\/v2\/types\/post"}],"author":[{"embeddable":true,"href":"https:\/\/www.fachzeitungen.de\/pressemeldungen\/wp-json\/wp\/v2\/users\/373"}],"replies":[{"embeddable":true,"href":"https:\/\/www.fachzeitungen.de\/pressemeldungen\/wp-json\/wp\/v2\/comments?post=278782"}],"version-history":[{"count":4,"href":"https:\/\/www.fachzeitungen.de\/pressemeldungen\/wp-json\/wp\/v2\/posts\/278782\/revisions"}],"predecessor-version":[{"id":278806,"href":"https:\/\/www.fachzeitungen.de\/pressemeldungen\/wp-json\/wp\/v2\/posts\/278782\/revisions\/278806"}],"wp:featuredmedia":[{"embeddable":true,"href":"https:\/\/www.fachzeitungen.de\/pressemeldungen\/wp-json\/wp\/v2\/media\/278783"}],"wp:attachment":[{"href":"https:\/\/www.fachzeitungen.de\/pressemeldungen\/wp-json\/wp\/v2\/media?parent=278782"}],"wp:term":[{"taxonomy":"category","embeddable":true,"href":"https:\/\/www.fachzeitungen.de\/pressemeldungen\/wp-json\/wp\/v2\/categories?post=278782"},{"taxonomy":"post_tag","embeddable":true,"href":"https:\/\/www.fachzeitungen.de\/pressemeldungen\/wp-json\/wp\/v2\/tags?post=278782"}],"curies":[{"name":"wp","href":"https:\/\/api.w.org\/{rel}","templated":true}]}}