{"id":43232,"date":"2012-03-28T10:49:42","date_gmt":"2012-03-28T09:49:42","guid":{"rendered":"http:\/\/www.fachzeitungen.de\/pressemeldungen\/?p=43232"},"modified":"2012-03-28T10:49:42","modified_gmt":"2012-03-28T09:49:42","slug":"yoga-am-ufer-des-wannsees","status":"publish","type":"post","link":"https:\/\/www.fachzeitungen.de\/pressemeldungen\/yoga-am-ufer-des-wannsees-1043232\/","title":{"rendered":"Yoga am Ufer des Wannsees"},"content":{"rendered":"<p><img loading=\"lazy\" decoding=\"async\" class=\"alignleft  wp-image-43233\" title=\"Om-Ges\u00e4nge im Berliner Kulturpark\" src=\"https:\/\/www.fachzeitungen.de\/pressemeldungen\/wp-content\/uploads\/2012\/03\/logo-yogafestival-200.jpg\" alt=\"\" width=\"104\" height=\"104\" srcset=\"https:\/\/www.fachzeitungen.de\/pressemeldungen\/wp-content\/uploads\/2012\/03\/logo-yogafestival-200.jpg 200w, https:\/\/www.fachzeitungen.de\/pressemeldungen\/wp-content\/uploads\/2012\/03\/logo-yogafestival-200-40x40.jpg 40w, https:\/\/www.fachzeitungen.de\/pressemeldungen\/wp-content\/uploads\/2012\/03\/logo-yogafestival-200-150x150.jpg 150w, https:\/\/www.fachzeitungen.de\/pressemeldungen\/wp-content\/uploads\/2012\/03\/logo-yogafestival-200-88x88.jpg 88w\" sizes=\"auto, (max-width: 104px) 100vw, 104px\" \/>Einmal im Jahr erklingen Om-Ges\u00e4nge im Berliner Kulturpark Kladow (Bezirk Spandau) und man begr\u00fc\u00dft sich mit einem freundlichen Namaste. F\u00fcr vier Tage taucht die Stadt dann wieder ein in die Welt des Yogas beim 8. Berliner Yogafestival.<\/p> <p>Das 8. Berliner Yogafestival, die gr\u00f6\u00dfte und sch\u00f6nste Yogaveranstaltung Europas, findet dieses Jahr vom 14. bis 17. Juni im wundersch\u00f6nen Naturpark Kladow am Ufer des Wannsees statt. Das einmalige Programm mit internationalen G\u00e4sten, Yogis, Yogalehrern und zahlreichen Musikern wird die Festivalg\u00e4ste ebenso begeistern, wie die fr\u00f6hliche und unkomplizierte Stimmung auf dem Festivalgel\u00e4nde. <!--more-->Namhafte Gastsprecher aus Indien, den USA, Australien, England usw. bieten ein buntes Programm zu allen Aspekten des Yogas. Mehr als 5.000 G\u00e4ste werden wieder erwartet; es gibt meist vier Veranstaltungen parallel. Vor Ort kann auch gezeltet und gebadet werden. Die Eintrittspreise sind stabil und g\u00fcnstig: im VVK kostet die Tageskarte 16,00 Euro, die Festivalkarte 38,00 Euro.<\/p> <p>\u201eWir freuen uns schon jetzt auf das sch\u00f6nste Wochenende des Jahres\u201c, erkl\u00e4ren Stefan Datt und Miriam Kretzschmar, vom Veranstalter Lernen in Bewegung e.V.<\/p> <p>Weitere Informationen \u00fcber das Berliner Yogafestival sowie das Veranstaltungsprogramm 2012 sind im Internet unter http:\/\/www.yogafestival.de abrufbar.<\/p> <p>&nbsp;<\/p> <p>Medienvertreterinnen und Medienvertreter k\u00f6nnen sich schnell und einfach f\u00fcr das Berliner Yogafestival \u00fcber die PR-Agentur PR4YOU akkreditieren: per E-Mail an presse@pr4you.de oder per Fax an die +49 (0) 30 44 67 73 99 (http:\/\/www.pr4you.de\/pressefaecher\/yogafestival\/dokumente\/akkreditierung_fax_2012.pdf).<\/p> <p>Weiteres Pressematerial zu dieser Pressemitteilung:<\/p> <p>Sie k\u00f6nnen im Online-Pressefach schnell und einfach weiteres Bild- und Textmaterial zur kostenfreien Verwendung downloaden:<\/p> <p>http:\/\/www.pr4you.de\/pressefaecher\/yogafestival\/<\/p> <p>Ansprechpartner f\u00fcr R\u00fcckfragen zu dieser Pressemitteilung:<\/p> <p>(1) Lernen in Bewegung e.V.<\/p> <p>Ansprechpartner: Miriam Kretzschmar, Stefan Datt<br \/> Lernen in Bewegung e.V.<br \/> Veranstaltungskomitee Berliner Yogafestival<br \/> Weimarerstr. 29<br \/> D-10625 Berlin<\/p> <p>Telefon: +49 (0) 30 38 10 80 93<br \/> Mobil: +49 (0) 176 63 64 39 86<br \/> E-Mail: info@yogafestival.de<br \/> Internet: http:\/\/www.yogafestival.de<\/p> <p>(2) PR-Agentur PR4YOU<\/p> <p>Ansprechpartner: Marko Homann, Holger Ballwanz<\/p> <p>PR-Agentur PR4YOU<br \/> Schonensche Stra\u00dfe 43<br \/> D-13189 Berlin<\/p> <p>Telefon: +49 (0) 30 43 73 43 43<br \/> Fax: +49 (0) 30 44 67 73 99<br \/> E-Mail: presse@pr4you.de<br \/> Internet: http:\/\/www.pr4you.de \/ http:\/\/www.pr-agentur-sport.de<\/p> <p>Hintergrundinformationen:<\/p> <p>\u00dcber das Berliner Yogafestival<\/p> <p>Auch in diesem Jahr wartet das Berliner Yogafestival wieder mit Highlights auf, wie sie in Europa in dieser geballten Form einmalig sind. Einfache Schnupper-Stunden f\u00fcr Anf\u00e4nger werden genauso angeboten, wie Workshops und Praxis-Stunden mit international anerkannten Gr\u00f6\u00dfen der Yoga-Szene, die aus Indien, den USA und ganz Europa angereist kommen.<\/p> <p>Besonders f\u00fcr Einsteiger und Neugierige hat das Programm viel zu bieten. Jeder, der etwas \u00fcber Yoga erfahren m\u00f6chte, hat hier die Chance, die Vielfalt des Yogas kennenzulernen. \u00dcber 50 internationale Yogalehrer, Gastsprecher und Musiker gestalten ein buntes Programm und vermitteln ihr Wissen und ihre Erfahrungen im Yoga. Unter den Referenten findet man gleicherma\u00dfen \u201eexotische\u201c Yogalehrer aus Indien, als auch \u00c4rzte, Musiker und K\u00fcnstler.<\/p> <p>Weitere Informationen \u00fcber das Berliner Yogafestival sind im Internet unter <a target=\"_blank\" rel=\"nofollow\" href=\"http:\/\/www.yogafestival.de \" title=\"8. Berliner Yogafestival 2012 im Kulturpark Kladow\" >http:\/\/www.yogafestival.de<\/a> abrufbar.<\/p> <p>Informieren Sie sich weiter \u00fcber Fachzeitschriften aus dem Bereich <a target=\"_blank\" rel=\"nofollow\" href=\"https:\/\/www.fachzeitungen.de\/seite\/p\/katdet\/katid\/21\/katidsub\/32\" title=\"Fachzeitschriften mit Themen zu Gesundheit und Wellness\" >&#8222;Alles zur Gesundheit&#8220;<\/a><\/p>","protected":false},"excerpt":{"rendered":"<p>Einmal im Jahr erklingen Om-Ges\u00e4nge im Berliner Kulturpark Kladow (Bezirk Spandau) und man begr\u00fc\u00dft sich mit einem freundlichen Namaste. F\u00fcr vier Tage taucht die Stadt dann wieder ein in die Welt des Yogas beim 8. Berliner Yogafestival. Das 8. Berliner Yogafestival, die gr\u00f6\u00dfte und sch\u00f6nste Yogaveranstaltung Europas, findet dieses Jahr vom 14. bis 17. Juni<\/p>\n","protected":false},"author":291,"featured_media":43233,"comment_status":"closed","ping_status":"closed","sticky":false,"template":"","format":"standard","meta":{"footnotes":""},"categories":[16],"tags":[],"class_list":["post-43232","post","type-post","status-publish","format-standard","has-post-thumbnail","hentry","category-event-entertainment-lifestyle"],"_links":{"self":[{"href":"https:\/\/www.fachzeitungen.de\/pressemeldungen\/wp-json\/wp\/v2\/posts\/43232","targetHints":{"allow":["GET"]}}],"collection":[{"href":"https:\/\/www.fachzeitungen.de\/pressemeldungen\/wp-json\/wp\/v2\/posts"}],"about":[{"href":"https:\/\/www.fachzeitungen.de\/pressemeldungen\/wp-json\/wp\/v2\/types\/post"}],"author":[{"embeddable":true,"href":"https:\/\/www.fachzeitungen.de\/pressemeldungen\/wp-json\/wp\/v2\/users\/291"}],"replies":[{"embeddable":true,"href":"https:\/\/www.fachzeitungen.de\/pressemeldungen\/wp-json\/wp\/v2\/comments?post=43232"}],"version-history":[{"count":0,"href":"https:\/\/www.fachzeitungen.de\/pressemeldungen\/wp-json\/wp\/v2\/posts\/43232\/revisions"}],"wp:featuredmedia":[{"embeddable":true,"href":"https:\/\/www.fachzeitungen.de\/pressemeldungen\/wp-json\/wp\/v2\/media\/43233"}],"wp:attachment":[{"href":"https:\/\/www.fachzeitungen.de\/pressemeldungen\/wp-json\/wp\/v2\/media?parent=43232"}],"wp:term":[{"taxonomy":"category","embeddable":true,"href":"https:\/\/www.fachzeitungen.de\/pressemeldungen\/wp-json\/wp\/v2\/categories?post=43232"},{"taxonomy":"post_tag","embeddable":true,"href":"https:\/\/www.fachzeitungen.de\/pressemeldungen\/wp-json\/wp\/v2\/tags?post=43232"}],"curies":[{"name":"wp","href":"https:\/\/api.w.org\/{rel}","templated":true}]}}